{"id":1,"date":"2022-03-03T09:04:11","date_gmt":"2022-03-03T09:04:11","guid":{"rendered":"https:\/\/rckrb.hr\/new2\/?p=1"},"modified":"2024-03-18T12:34:30","modified_gmt":"2024-03-18T12:34:30","slug":"hello-world","status":"publish","type":"post","link":"https:\/\/rckrb.hr\/new2\/hello-world\/","title":{"rendered":"Gotovo 50 milijuna kuna ulo\u017eit \u0107e se u Regionalni centar kompetentnosti Ru\u0111era Bo\u0161kovi\u0107a"},"content":{"rendered":"\n<p><strong>Razvoj novih strukovnih programa i programa obrazovanja odraslih, nabava specijalizirane opreme, provo\u0111enje stru\u010dne prakse i stru\u010dno usavr\u0161avanje odgojno obrazovnih radnika samo su neki od &nbsp;mnogih sadr\u017eaja Kojima \u0107e Tehni\u010dka \u0161kola Ru\u0111era Bo\u0161kovi\u0107a iz Zagreba uspostaviti Regionalni centar kompetentnosti.<\/strong><\/p>\n\n\n\n<p>Na nedavno odr\u017eanoj uvodnoj konferenciji projekta <em>Regionalni centar kompetentnosti Ru\u0111era Bo\u0161kovi\u0107a<\/em> na temu \u201eUspostava regionalnog centra kompetentnosti u podru\u010dju elektrotehnike i ra\u010dunalstva\u201c predstavljene su aktivnosti kojima \u0107e na jednom mjestu biti osigurana vrhunska kvaliteta prakti\u010dne nastave i vje\u017ebi u strukovnom obrazovanju za svaki obrazovni program u prioritetnom sektoru elektrotehnika i ra\u010dunalstvo. Tako\u0111er oja\u010dat \u0107e se suradnja s poslodavcima i visokim u\u010dili\u0161tima, pove\u0107ati relevantnost kurikuluma, kao i njihova provedba, a u\u010denicima \u0107e se pove\u0107ati mogu\u0107nost pristupa kvalitetnom u\u010denju temeljenom na radu.<\/p>\n\n\n\n<figure class=\"wp-block-image size-full\"><img fetchpriority=\"high\" decoding=\"async\" width=\"622\" height=\"414\" src=\"https:\/\/rckrb.hr\/new2\/wp-content\/uploads\/2022\/03\/durdica-fustar-ravnateljica-tehnicke-skole-rudera-boskovica.webp\" alt=\"\" class=\"wp-image-646\" srcset=\"https:\/\/rckrb.hr\/new2\/wp-content\/uploads\/2022\/03\/durdica-fustar-ravnateljica-tehnicke-skole-rudera-boskovica.webp 622w, https:\/\/rckrb.hr\/new2\/wp-content\/uploads\/2022\/03\/durdica-fustar-ravnateljica-tehnicke-skole-rudera-boskovica-300x200.webp 300w, https:\/\/rckrb.hr\/new2\/wp-content\/uploads\/2022\/03\/durdica-fustar-ravnateljica-tehnicke-skole-rudera-boskovica-370x246.webp 370w\" sizes=\"(max-width: 622px) 100vw, 622px\" \/><figcaption>\u0110ur\u0111ica Fu\u0161tar<\/figcaption><\/figure>\n\n\n\n<p>Projektne aktivnosti uklju\u010duju uspostavu samog Regionalnog centra kompetentnosti koja uklju\u010duje definiranje strategije, analizu tr\u017ei\u0161ta rada, ja\u010danje kapaciteta odgojno-obrazovnih radnika, uspostavu suradnje s drugim ustanovama za strukovno obrazovanje i sli\u010dnim centrima, uspostava suradnje s visokim u\u010dili\u0161tima i znanstvenim institucijama na lokalnoj, regionalnoj i me\u0111unarodnoj razini.<\/p>\n\n\n\n<p>Nabava opreme i &nbsp;implementacija nove tehnologije unaprijedit \u0107e procese i na\u010dine u\u010denja, razviti postoje\u0107a i stvarati nova ciljana znanja i vje\u0161tine, odgovoriti na izazove tr\u017ei\u0161ta rada te prenijeti nove ideje u industriju. Tim \u0107e se na\u010dinom posti\u0107i bolja i stvarnija, neraskidiva povezanost s industrijskim okru\u017eenjem u regiji i \u0161ire.<\/p>\n\n\n\n<p>Ukupna vrijednost projekta, \u010dije razdoblje provedbe je od 29.3.2020. do 29.12.2023. godine, je 49.508.697,83 kune i u cijelosti je financiran sredstvima Europske unije iz Europskog socijalnog fonda.<\/p>\n\n\n\n<p>U uspostavu \u201cRCK Ru\u0111era Bo\u0161kovi\u0107a\u201d uklju\u010deno je deset partnera na projektu: Grad Zagreb, Elektrotehni\u010dka \u0161kola, I. tehni\u010dka \u0161kola Tesla, Fakultet strojarstva i brodogradnje, Visoko u\u010dili\u0161te Algebra, Klimaoprema d.d., Kra\u0161 d.d., Franck d.d., Puri\u0107 d.o.o. te Projekt jednako razvoj d.o.o.<\/p>\n","protected":false},"excerpt":{"rendered":"<p>Razvoj novih strukovnih programa i programa obrazovanja odraslih, nabava specijalizirane opreme, provo\u0111enje stru\u010dne prakse i stru\u010dno usavr\u0161avanje odgojno obrazovnih radnika samo su neki od &nbsp;mnogih sadr\u017eaja Kojima \u0107e Tehni\u010dka \u0161kola Ru\u0111era Bo\u0161kovi\u0107a iz Zagreba uspostaviti Regionalni centar kompetentnosti. Na nedavno odr\u017eanoj uvodnoj konferenciji projekta Regionalni centar kompetentnosti Ru\u0111era Bo\u0161kovi\u0107a na temu \u201eUspostava regionalnog centra kompetentnosti [&hellip;]<\/p>\n","protected":false},"author":1,"featured_media":645,"comment_status":"closed","ping_status":"closed","sticky":false,"template":"","format":"standard","meta":{"footnotes":""},"categories":[1],"tags":[],"class_list":["post-1","post","type-post","status-publish","format-standard","has-post-thumbnail","hentry","category-uncategorized","has-thumb"],"_links":{"self":[{"href":"https:\/\/rckrb.hr\/new2\/wp-json\/wp\/v2\/posts\/1","targetHints":{"allow":["GET"]}}],"collection":[{"href":"https:\/\/rckrb.hr\/new2\/wp-json\/wp\/v2\/posts"}],"about":[{"href":"https:\/\/rckrb.hr\/new2\/wp-json\/wp\/v2\/types\/post"}],"author":[{"embeddable":true,"href":"https:\/\/rckrb.hr\/new2\/wp-json\/wp\/v2\/users\/1"}],"replies":[{"embeddable":true,"href":"https:\/\/rckrb.hr\/new2\/wp-json\/wp\/v2\/comments?post=1"}],"version-history":[{"count":1,"href":"https:\/\/rckrb.hr\/new2\/wp-json\/wp\/v2\/posts\/1\/revisions"}],"predecessor-version":[{"id":647,"href":"https:\/\/rckrb.hr\/new2\/wp-json\/wp\/v2\/posts\/1\/revisions\/647"}],"wp:featuredmedia":[{"embeddable":true,"href":"https:\/\/rckrb.hr\/new2\/wp-json\/wp\/v2\/media\/645"}],"wp:attachment":[{"href":"https:\/\/rckrb.hr\/new2\/wp-json\/wp\/v2\/media?parent=1"}],"wp:term":[{"taxonomy":"category","embeddable":true,"href":"https:\/\/rckrb.hr\/new2\/wp-json\/wp\/v2\/categories?post=1"},{"taxonomy":"post_tag","embeddable":true,"href":"https:\/\/rckrb.hr\/new2\/wp-json\/wp\/v2\/tags?post=1"}],"curies":[{"name":"wp","href":"https:\/\/api.w.org\/{rel}","templated":true}]}}