{"id":1061,"date":"2024-07-02T10:07:15","date_gmt":"2024-07-02T10:07:15","guid":{"rendered":"https:\/\/rckrb.hr\/new2\/?p=1061"},"modified":"2026-04-29T14:04:26","modified_gmt":"2026-04-29T12:04:26","slug":"erasmus-job-shadowing","status":"publish","type":"post","link":"https:\/\/rckrb.hr\/new2\/erasmus-job-shadowing\/","title":{"rendered":"Erasmus+ Job Shadowing"},"content":{"rendered":"\t\t<div data-elementor-type=\"wp-post\" data-elementor-id=\"1061\" class=\"elementor elementor-1061\">\n\t\t\t\t\t\t<section class=\"elementor-section elementor-top-section elementor-element elementor-element-245440b elementor-section-boxed elementor-section-height-default elementor-section-height-default\" data-id=\"245440b\" data-element_type=\"section\" data-settings=\"{&quot;jet_parallax_layout_list&quot;:[]}\">\n\t\t\t\t\t\t<div class=\"elementor-container elementor-column-gap-default\">\n\t\t\t\t\t<div class=\"elementor-column elementor-col-100 elementor-top-column elementor-element elementor-element-808fcb2\" data-id=\"808fcb2\" data-element_type=\"column\">\n\t\t\t<div class=\"elementor-widget-wrap elementor-element-populated\">\n\t\t\t\t\t\t<div class=\"elementor-element elementor-element-e9afa1b elementor-widget elementor-widget-text-editor\" data-id=\"e9afa1b\" data-element_type=\"widget\" data-widget_type=\"text-editor.default\">\n\t\t\t\t<div class=\"elementor-widget-container\">\n\t\t\t\t\t\t\t<p style=\"margin: 0cm;\"><em><span style=\"font-size: 12.0pt; font-family: 'Calibri',sans-serif; color: black;\">Dana 27. i 28. svibnja 2024. godine, na\u0161u su \u0161kolu u sklopu programa Erasmus+ Job Shadowing posjetile strukovne nastavnice iz Kraljevine \u0160panjolske: Ana Bel\u00e9n Mart\u00ednez Cerdeiras (IES Mar\u00eda Sarmiento) i Alba Fern\u00e1ndez Folgueira (CIFP Porta da Auga).<\/span><\/em><span style=\"font-size: 12.0pt; color: black;\"><br \/><br \/><\/span><em><span style=\"font-size: 12.0pt; font-family: 'Calibri',sans-serif;\">Tijekom dvodnevnog boravka u \u0161koli, nastavnice su se upoznale s projektom RCK Ru\u0111era Bo\u0161kovi\u0107a te su prisustvovale nastavi op\u0107eobrazovnih nastavnih predmeta Hrvatskog jezika, Matematike i Engleskog jezika,\u00a0izbornog predmeta Upravljanje i regulacija te fakultativnog predmeta Aditivne tehnologije.<\/span><\/em><span style=\"font-size: 12.0pt; color: black;\"><br \/><br \/><\/span><em><span style=\"font-size: 12.0pt; font-family: 'Calibri',sans-serif;\">Kroz razgovor i dru\u017eenje, upoznale su strukovne kurikulume \/ programe obrazovanja koje provodi na\u0161a \u0161kola, kao i organizaciju nastave, uspore\u0111uju\u0107i hrvatski i \u0161panjolski<\/span><\/em><span style=\"font-size: 12.0pt; color: black;\"><br \/><\/span><em><span style=\"font-size: 12.0pt; font-family: 'Calibri',sans-serif;\">sustav strukovnog obrazovanja i osposobljavanja.<\/span><\/em><span style=\"font-size: 12.0pt; color: black;\"><br \/><br \/><\/span><em><span style=\"font-size: 12.0pt; font-family: 'Calibri',sans-serif;\">Slobodno vrijeme iskoristile su za upoznavanje Grada Zagreba i njegove turisti\u010dke ponude.<\/span><\/em><span style=\"font-size: 12.0pt; color: black;\"><br \/><br \/><\/span><em><span style=\"font-size: 12.0pt; font-family: 'Calibri',sans-serif;\">Veselimo se budu\u0107oj suradnji s dragim go\u0161\u0107ama kroz europske programe mobilnosti, a mo\u017eda i putu u Kraljevinu \u0160panjolsku!\u00a0<\/span><\/em><\/p>\t\t\t\t\t\t<\/div>\n\t\t\t\t<\/div>\n\t\t\t\t\t<\/div>\n\t\t<\/div>\n\t\t\t\t\t<\/div>\n\t\t<\/section>\n\t\t\t\t<\/div>\n\t\t","protected":false},"excerpt":{"rendered":"<p>Dana 27. i 28. svibnja 2024. godine, na\u0161u su \u0161kolu u sklopu programa Erasmus+ Job Shadowing posjetile strukovne nastavnice iz Kraljevine \u0160panjolske: Ana Bel\u00e9n Mart\u00ednez Cerdeiras (IES Mar\u00eda Sarmiento) i Alba Fern\u00e1ndez Folgueira (CIFP Porta da Auga). Tijekom dvodnevnog boravka u \u0161koli, nastavnice su se upoznale s projektom RCK Ru\u0111era Bo\u0161kovi\u0107a te su prisustvovale nastavi [&hellip;]<\/p>\n","protected":false},"author":1,"featured_media":1028,"comment_status":"closed","ping_status":"closed","sticky":false,"template":"","format":"standard","meta":{"footnotes":""},"categories":[10,9],"tags":[],"class_list":["post-1061","post","type-post","status-publish","format-standard","has-post-thumbnail","hentry","category-dogadaji","category-vijesti","has-thumb"],"_links":{"self":[{"href":"https:\/\/rckrb.hr\/new2\/wp-json\/wp\/v2\/posts\/1061","targetHints":{"allow":["GET"]}}],"collection":[{"href":"https:\/\/rckrb.hr\/new2\/wp-json\/wp\/v2\/posts"}],"about":[{"href":"https:\/\/rckrb.hr\/new2\/wp-json\/wp\/v2\/types\/post"}],"author":[{"embeddable":true,"href":"https:\/\/rckrb.hr\/new2\/wp-json\/wp\/v2\/users\/1"}],"replies":[{"embeddable":true,"href":"https:\/\/rckrb.hr\/new2\/wp-json\/wp\/v2\/comments?post=1061"}],"version-history":[{"count":4,"href":"https:\/\/rckrb.hr\/new2\/wp-json\/wp\/v2\/posts\/1061\/revisions"}],"predecessor-version":[{"id":1065,"href":"https:\/\/rckrb.hr\/new2\/wp-json\/wp\/v2\/posts\/1061\/revisions\/1065"}],"wp:featuredmedia":[{"embeddable":true,"href":"https:\/\/rckrb.hr\/new2\/wp-json\/wp\/v2\/media\/1028"}],"wp:attachment":[{"href":"https:\/\/rckrb.hr\/new2\/wp-json\/wp\/v2\/media?parent=1061"}],"wp:term":[{"taxonomy":"category","embeddable":true,"href":"https:\/\/rckrb.hr\/new2\/wp-json\/wp\/v2\/categories?post=1061"},{"taxonomy":"post_tag","embeddable":true,"href":"https:\/\/rckrb.hr\/new2\/wp-json\/wp\/v2\/tags?post=1061"}],"curies":[{"name":"wp","href":"https:\/\/api.w.org\/{rel}","templated":true}]}}