{"id":1747,"date":"2026-04-23T16:34:57","date_gmt":"2026-04-23T14:34:57","guid":{"rendered":"https:\/\/rckrb.hr\/new2\/?p=1747"},"modified":"2026-04-29T14:04:25","modified_gmt":"2026-04-29T12:04:25","slug":"memorandum-o-suradnji-sa-srednjom-skolom-marija-kiri-sklodovska-iz-skopja","status":"publish","type":"post","link":"https:\/\/rckrb.hr\/new2\/memorandum-o-suradnji-sa-srednjom-skolom-marija-kiri-sklodovska-iz-skopja\/","title":{"rendered":"Memorandum o suradnji sa Srednjom \u0161kolom \u201eMarija Kiri Sklodovska\u201c iz Skopja"},"content":{"rendered":"\t\t<div data-elementor-type=\"wp-post\" data-elementor-id=\"1747\" class=\"elementor elementor-1747\">\n\t\t\t\t\t\t<section class=\"elementor-section elementor-top-section elementor-element elementor-element-2c86213 elementor-section-boxed elementor-section-height-default elementor-section-height-default\" data-id=\"2c86213\" data-element_type=\"section\" data-settings=\"{&quot;jet_parallax_layout_list&quot;:[]}\">\n\t\t\t\t\t\t<div class=\"elementor-container elementor-column-gap-default\">\n\t\t\t\t\t<div class=\"elementor-column elementor-col-100 elementor-top-column elementor-element elementor-element-42980a2\" data-id=\"42980a2\" data-element_type=\"column\">\n\t\t\t<div class=\"elementor-widget-wrap elementor-element-populated\">\n\t\t\t\t\t\t<div class=\"elementor-element elementor-element-e3bf90f elementor-widget elementor-widget-text-editor\" data-id=\"e3bf90f\" data-element_type=\"widget\" data-widget_type=\"text-editor.default\">\n\t\t\t\t<div class=\"elementor-widget-container\">\n\t\t\t\t\t\t\t<p>U prostorima Tehni\u010dke \u0161kole Ru\u0111era Bo\u0161kovi\u0107a u Zagrebu, dana 20. travnja 2026. godine, odr\u017ean je sve\u010dani susret povodom potpisivanja memoranduma o suradnji sa Srednjom \u0161kolom \u201eMarija Kiri Sklodovska\u201c iz Skopja, Republike Sjeverne Makedonije.<\/p><p>Tom su prigodom ravnatelji \u0161kola, ravnateljica \u0110ur\u0111ica Fu\u0161tar i ravnatelj Darko Spasev, potpisali dokument kojim je potvr\u0111ena zajedni\u010dka \u017eelja za ja\u010danjem me\u0111unarodne suradnje u podru\u010dju obrazovanja. Susret je protekao u iznimno ugodnom i poticajnom ozra\u010dju, uz razmjenu iskustava, ideja i primjera dobre prakse u radu s u\u010denicima.<\/p><p>Memorandumom je predvi\u0111ena suradnja u provedbi nastavnih i izvannastavnih aktivnosti, s posebnim naglaskom na podru\u010dje struke osobnih usluga te obrazovni profil tehni\u010dar za o\u010dnu optiku. Planira se aktivno uklju\u010divanje u\u010denika, nastavnika i stru\u010dnih suradnika kroz zajedni\u010dke projekte, radionice, stru\u010dne posjete i razmjenu znanja.<\/p><p>Tako\u0111er, dogovoreno je da \u0107e se u realizaciju pojedinih aktivnosti, prema potrebi, uklju\u010divati i \u0161ira zajednica, uz osiguranu medijsku vidljivost, \u010dime se dodatno nagla\u0161ava va\u017enost obrazovanja i me\u0111uinstitucionalne suradnje.<\/p><p>Ovaj susret ozna\u010dava po\u010detak jedne lijepe i vrijedne suradnje, utemeljene na me\u0111usobnom po\u0161tovanju, povjerenju i zajedni\u010dkoj \u017eelji za napretkom. O\u010dekujemo kako \u0107e budu\u0107e aktivnosti doprinijeti razvoju kompetencija u\u010denika i nastavnika te stvaranju kvalitetnijeg i poticajnijeg obrazovnog okru\u017eenja za sve sudionike.<\/p>\t\t\t\t\t\t<\/div>\n\t\t\t\t<\/div>\n\t\t\t\t\t<\/div>\n\t\t<\/div>\n\t\t\t\t\t<\/div>\n\t\t<\/section>\n\t\t\t\t<section class=\"elementor-section elementor-top-section elementor-element elementor-element-23e8b4e elementor-section-boxed elementor-section-height-default elementor-section-height-default\" data-id=\"23e8b4e\" data-element_type=\"section\" data-settings=\"{&quot;jet_parallax_layout_list&quot;:[]}\">\n\t\t\t\t\t\t<div class=\"elementor-container elementor-column-gap-default\">\n\t\t\t\t\t<div class=\"elementor-column elementor-col-100 elementor-top-column elementor-element elementor-element-44bae00\" data-id=\"44bae00\" data-element_type=\"column\">\n\t\t\t<div class=\"elementor-widget-wrap elementor-element-populated\">\n\t\t\t\t\t\t<div class=\"elementor-element elementor-element-b46d20e elementor-widget elementor-widget-text-editor\" data-id=\"b46d20e\" data-element_type=\"widget\" data-widget_type=\"text-editor.default\">\n\t\t\t\t<div class=\"elementor-widget-container\">\n\t\t\t\t\t\t\t<iframe src=\"https:\/\/drive.google.com\/file\/d\/1ovuz_-T1hcdyY-R3i20ZNEJuRX1V3ESr\/preview\" width=\"640\" height=\"980\"><\/iframe>\t\t\t\t\t\t<\/div>\n\t\t\t\t<\/div>\n\t\t\t\t\t<\/div>\n\t\t<\/div>\n\t\t\t\t\t<\/div>\n\t\t<\/section>\n\t\t\t\t<\/div>\n\t\t","protected":false},"excerpt":{"rendered":"<p>U prostorima Tehni\u010dke \u0161kole Ru\u0111era Bo\u0161kovi\u0107a u Zagrebu, dana 20. travnja 2026. godine, odr\u017ean je sve\u010dani susret povodom potpisivanja memoranduma o suradnji sa Srednjom \u0161kolom \u201eMarija Kiri Sklodovska\u201c iz Skopja, Republike Sjeverne Makedonije. Tom su prigodom ravnatelji \u0161kola, ravnateljica \u0110ur\u0111ica Fu\u0161tar i ravnatelj Darko Spasev, potpisali dokument kojim je potvr\u0111ena zajedni\u010dka \u017eelja za ja\u010danjem me\u0111unarodne [&hellip;]<\/p>\n","protected":false},"author":1,"featured_media":1753,"comment_status":"closed","ping_status":"closed","sticky":false,"template":"","format":"standard","meta":{"footnotes":""},"categories":[10,9],"tags":[],"class_list":["post-1747","post","type-post","status-publish","format-standard","has-post-thumbnail","hentry","category-dogadaji","category-vijesti","has-thumb"],"_links":{"self":[{"href":"https:\/\/rckrb.hr\/new2\/wp-json\/wp\/v2\/posts\/1747","targetHints":{"allow":["GET"]}}],"collection":[{"href":"https:\/\/rckrb.hr\/new2\/wp-json\/wp\/v2\/posts"}],"about":[{"href":"https:\/\/rckrb.hr\/new2\/wp-json\/wp\/v2\/types\/post"}],"author":[{"embeddable":true,"href":"https:\/\/rckrb.hr\/new2\/wp-json\/wp\/v2\/users\/1"}],"replies":[{"embeddable":true,"href":"https:\/\/rckrb.hr\/new2\/wp-json\/wp\/v2\/comments?post=1747"}],"version-history":[{"count":7,"href":"https:\/\/rckrb.hr\/new2\/wp-json\/wp\/v2\/posts\/1747\/revisions"}],"predecessor-version":[{"id":1756,"href":"https:\/\/rckrb.hr\/new2\/wp-json\/wp\/v2\/posts\/1747\/revisions\/1756"}],"wp:featuredmedia":[{"embeddable":true,"href":"https:\/\/rckrb.hr\/new2\/wp-json\/wp\/v2\/media\/1753"}],"wp:attachment":[{"href":"https:\/\/rckrb.hr\/new2\/wp-json\/wp\/v2\/media?parent=1747"}],"wp:term":[{"taxonomy":"category","embeddable":true,"href":"https:\/\/rckrb.hr\/new2\/wp-json\/wp\/v2\/categories?post=1747"},{"taxonomy":"post_tag","embeddable":true,"href":"https:\/\/rckrb.hr\/new2\/wp-json\/wp\/v2\/tags?post=1747"}],"curies":[{"name":"wp","href":"https:\/\/api.w.org\/{rel}","templated":true}]}}