{"id":673,"date":"2022-04-27T11:30:00","date_gmt":"2022-04-27T11:30:00","guid":{"rendered":"https:\/\/rckrb.hr\/new2\/?p=673"},"modified":"2024-03-18T12:34:30","modified_gmt":"2024-03-18T12:34:30","slug":"odrzan-skolski-dan-i-specijalizirani-sajam-rck-na-zagrebackom-velesajmu","status":"publish","type":"post","link":"https:\/\/rckrb.hr\/new2\/odrzan-skolski-dan-i-specijalizirani-sajam-rck-na-zagrebackom-velesajmu\/","title":{"rendered":"Odr\u017ean \u201e\u0160kolski dan\u201c i specijalizirani sajam RCK na Zagreba\u010dkom velesajmu"},"content":{"rendered":"\n<p class=\"has-text-align-left\">Regionalni centar kompetentnosti Ru\u0111era Bo\u0161kovi\u0107a je u travnju, na Zagreba\u010dkom velesajmu, organizirao \u201e\u0160kolski dan\u201c i &nbsp;specijalizirani sajam RCK u okviru kojeg se odr\u017eala promocija strukovnih zanimanja.<\/p>\n\n\n\n<p class=\"has-text-align-left\">Kao izlaga\u010di na sajmu predstavile su se srednje \u0161kole te partneri i suradnici u projektu, tvrtke i fakulteti.<\/p>\n\n\n\n<p class=\"has-text-align-left\">Cilj \u0160kolskog dana bio je popularizacija strukovnih zanimanja, povezivanje poslodavaca, partnera, polaznika, budu\u0107ih polaznika i svih zainteresiranih te njihova interakcija.<\/p>\n\n\n\n<p class=\"has-text-align-left\">Tijekom sajma odr\u017eana je i konferencija pod nazivom <strong>&#8220;Budu\u0107nost strukovnih zanimanja<\/strong> <strong>s pametnim tehnologijama&#8221;.<\/strong><\/p>\n\n\n\n<p class=\"has-text-align-left\">Koncept RCK Ru\u0111era Bo\u0161kovi\u0107a bit \u0107e prvi ogledni i pokazni primjer povezivanja strukovnog obrazovanja s industrijskim okru\u017eenjem u cijeloj Hrvatskoj te u ovom dijelu jugoisto\u010dne Europe i \u0161ire.<\/p>\n\n\n\n<p class=\"has-text-align-left\"><\/p>\n\n\n\n<p class=\"has-text-align-left\">U projekt \u201cRCK Ru\u0111era Bo\u0161kovi\u0107a\u201d uklju\u010deno je <strong>10 partnerskih organizacija<\/strong> (Elektrotehni\u010dka \u0161kola, I. Tehni\u010dka \u0161kola, Fakultet strojarstva i brodogradnje, Visoko u\u010dli\u0161te Algebra, Klimaoprema d.d., Kra\u0161 d.d., Franck d.d., Puri\u0107 d.o.o., Grad Zagreb i Projekt jednako razvoj d.o.o.). Projektom \u0107e biti uspostavljen Regionalni centar kompetentnosti u podru\u010dju elektrotehnike i ra\u010dunalstva.<\/p>\n\n\n\n<p class=\"has-text-align-left\">Projekt RCK se sastoji od 6 osnovnih elementa te niz podaktivnosti. Od uspostave samog centra, preko razvoja novih strukovnih programa i programa obrazovanja odraslih, nabave specijalizirane opreme, provo\u0111enja stru\u010dne prakse, stru\u010dnog usavr\u0161avanja nastavnika do promocije centra.<\/p>\n\n\n\n<figure class=\"wp-block-image size-large\"><img fetchpriority=\"high\" decoding=\"async\" width=\"1024\" height=\"681\" src=\"https:\/\/rckrb.hr\/new2\/wp-content\/uploads\/2022\/06\/Skolski-dan-2-1024x681.jpg\" alt=\"\" class=\"wp-image-675\" srcset=\"https:\/\/rckrb.hr\/new2\/wp-content\/uploads\/2022\/06\/Skolski-dan-2-1024x681.jpg 1024w, https:\/\/rckrb.hr\/new2\/wp-content\/uploads\/2022\/06\/Skolski-dan-2-300x200.jpg 300w, https:\/\/rckrb.hr\/new2\/wp-content\/uploads\/2022\/06\/Skolski-dan-2-768x511.jpg 768w, https:\/\/rckrb.hr\/new2\/wp-content\/uploads\/2022\/06\/Skolski-dan-2-1536x1022.jpg 1536w, https:\/\/rckrb.hr\/new2\/wp-content\/uploads\/2022\/06\/Skolski-dan-2-370x246.jpg 370w, https:\/\/rckrb.hr\/new2\/wp-content\/uploads\/2022\/06\/Skolski-dan-2.jpg 2000w\" sizes=\"(max-width: 1024px) 100vw, 1024px\" \/><\/figure>\n\n\n\n<p>Nove tehnologije u RCK unaprijedit \u0107e procese i na\u010dine u\u010denja, razviti postoje\u0107a i stvarati nova ciljana znanja i vje\u0161tine, odgovoriti na izazove tr\u017ei\u0161ta rada te stvoriti stvarnu i neraskidivu povezanost Centra s industrijskim okru\u017eenjem. RCK \u0107e u prvom petogodi\u0161njem razdoblju postati ogledni i pokazni primjer izvrsnosti inovativnih modela u edukaciji temeljenoj na radu za ostale regije u Hrvatskoj te u ovom dijelu jugoisto\u010dne Europe i \u0161ire. <\/p>\n\n\n\n<p>RCK \u0107e dugoro\u010dno prenositi nove ideje u industriju te aktivno sudjelovati u implementaciji \u201eIndustrije 4.0\u201c u proizvodnim tvrtkama, kao i u implementaciji pametnog nadzora i upravljanja energijom i implementaciji uporabe obnovljivih izvora energije.<\/p>\n\n\n\n<figure class=\"wp-block-image size-large\"><img decoding=\"async\" width=\"1024\" height=\"681\" src=\"https:\/\/rckrb.hr\/new2\/wp-content\/uploads\/2022\/06\/3-1024x681.jpg\" alt=\"\" class=\"wp-image-676\" srcset=\"https:\/\/rckrb.hr\/new2\/wp-content\/uploads\/2022\/06\/3-1024x681.jpg 1024w, https:\/\/rckrb.hr\/new2\/wp-content\/uploads\/2022\/06\/3-300x200.jpg 300w, https:\/\/rckrb.hr\/new2\/wp-content\/uploads\/2022\/06\/3-768x511.jpg 768w, https:\/\/rckrb.hr\/new2\/wp-content\/uploads\/2022\/06\/3-1536x1022.jpg 1536w, https:\/\/rckrb.hr\/new2\/wp-content\/uploads\/2022\/06\/3-370x246.jpg 370w, https:\/\/rckrb.hr\/new2\/wp-content\/uploads\/2022\/06\/3.jpg 2000w\" sizes=\"(max-width: 1024px) 100vw, 1024px\" \/><\/figure>\n","protected":false},"excerpt":{"rendered":"<p>Regionalni centar kompetentnosti Ru\u0111era Bo\u0161kovi\u0107a je u travnju, na Zagreba\u010dkom velesajmu, organizirao \u201e\u0160kolski dan\u201c i &nbsp;specijalizirani sajam RCK u okviru kojeg se odr\u017eala promocija strukovnih zanimanja. Kao izlaga\u010di na sajmu predstavile su se srednje \u0161kole te partneri i suradnici u projektu, tvrtke i fakulteti. Cilj \u0160kolskog dana bio je popularizacija strukovnih zanimanja, povezivanje poslodavaca, partnera, [&hellip;]<\/p>\n","protected":false},"author":1,"featured_media":674,"comment_status":"closed","ping_status":"closed","sticky":false,"template":"","format":"standard","meta":{"footnotes":""},"categories":[10,9],"tags":[],"class_list":["post-673","post","type-post","status-publish","format-standard","has-post-thumbnail","hentry","category-dogadaji","category-vijesti","has-thumb"],"_links":{"self":[{"href":"https:\/\/rckrb.hr\/new2\/wp-json\/wp\/v2\/posts\/673","targetHints":{"allow":["GET"]}}],"collection":[{"href":"https:\/\/rckrb.hr\/new2\/wp-json\/wp\/v2\/posts"}],"about":[{"href":"https:\/\/rckrb.hr\/new2\/wp-json\/wp\/v2\/types\/post"}],"author":[{"embeddable":true,"href":"https:\/\/rckrb.hr\/new2\/wp-json\/wp\/v2\/users\/1"}],"replies":[{"embeddable":true,"href":"https:\/\/rckrb.hr\/new2\/wp-json\/wp\/v2\/comments?post=673"}],"version-history":[{"count":2,"href":"https:\/\/rckrb.hr\/new2\/wp-json\/wp\/v2\/posts\/673\/revisions"}],"predecessor-version":[{"id":687,"href":"https:\/\/rckrb.hr\/new2\/wp-json\/wp\/v2\/posts\/673\/revisions\/687"}],"wp:featuredmedia":[{"embeddable":true,"href":"https:\/\/rckrb.hr\/new2\/wp-json\/wp\/v2\/media\/674"}],"wp:attachment":[{"href":"https:\/\/rckrb.hr\/new2\/wp-json\/wp\/v2\/media?parent=673"}],"wp:term":[{"taxonomy":"category","embeddable":true,"href":"https:\/\/rckrb.hr\/new2\/wp-json\/wp\/v2\/categories?post=673"},{"taxonomy":"post_tag","embeddable":true,"href":"https:\/\/rckrb.hr\/new2\/wp-json\/wp\/v2\/tags?post=673"}],"curies":[{"name":"wp","href":"https:\/\/api.w.org\/{rel}","templated":true}]}}