{"id":679,"date":"2022-04-30T11:34:00","date_gmt":"2022-04-30T11:34:00","guid":{"rendered":"https:\/\/rckrb.hr\/new2\/?p=679"},"modified":"2024-03-18T12:34:30","modified_gmt":"2024-03-18T12:34:30","slug":"sajmovi-vazna-platforma-za-predstavljanje-rck-rudera-boskovica","status":"publish","type":"post","link":"https:\/\/rckrb.hr\/new2\/sajmovi-vazna-platforma-za-predstavljanje-rck-rudera-boskovica\/","title":{"rendered":"Sajmovi \u2013 va\u017ena platforma za predstavljanje RCK Ru\u0111era Bo\u0161kovi\u0107a"},"content":{"rendered":"\n<p>Regionalni centar kompetentnosti Ru\u0111era Bo\u0161kovi\u0107a je u travnju sudjelovao na bienalnom poslovnom sajmu BIAM &#8211; 26. me\u0111unarodni sajam alatnih strojeva i alata i ZAVARIVANJE \u2013 29. me\u0111unarodni sajam zavarivanja i antikorozivne za\u0161tite.<\/p>\n\n\n\n<p>Tom prigodom se projekt RCK predstavio tvrtkama, znanstvenim institucijama, krajnjim korisnicima i budu\u0107im polaznicima.<\/p>\n\n\n\n<p>Tijekom sve\u010danosti otvorenja Sajma uzvanicima se obratila ravnateljica Tehni\u010dke \u0161kole Ru\u0111er Bo\u0161kovi\u0107 <strong>\u0110ur\u0111ica Fu\u0161tar<\/strong> te ih pozdravila ispred 963 u\u010denika i 123 zaposlenika \u0161kole.<\/p>\n\n\n\n<p>U svom govoru je istaknula: <em>\u201e2018. godine \u0161kolu je Ministarstvo znanosti i obrazovanja imenovalo Regionalnim centrom kompetentnosti, a 2020. godine potpisan je ugovor s Ministarstvom znanosti i obrazovanja vezan za operativni program U\u010dinkoviti ljudski potencijali u financijskom razdoblju 2014. do 2020. Ono \u0161to je posebno va\u017eno istaknuti jest ukupna vrijednost tog dijela projekta koja iznosi ne\u0161to manje od 50 milijuna kuna. Ovdje, na \u0160kolskom danu u sklopu me\u0111unarodnih sajmova Biam&amp;Zavarivanje, do\u0161li smo javnost pobli\u017ee upoznati s projektom RCK, ali isto tako se i predstaviti kao \u0161kola koja se \u0161to ja\u010de \u017eeli povezati s gospodarstvom.\u201c<\/em><\/p>\n\n\n\n<p>Promo poziciju RCK Ru\u0111era Bo\u0161kovi\u0107a posjetio je i <strong>zagreba\u010dki gradona\u010delnik, Tomislav Toma\u0161evi\u0107,<\/strong> kojemu su predstavnici \u0161kole predstavili viziju i ciljeve RCK projekta te ga informirali o konceptu koji \u0107e biti prvi ogledni i pokazni primjer povezivanja \u00a0strukovnog obrazovanja s industrijskim okru\u017eenjem u cijeloj Hrvatskoj te u ovom dijelu jugoisto\u010dne Europe i \u0161ire.<\/p>\n\n\n\n<figure class=\"wp-block-image size-large\"><img fetchpriority=\"high\" decoding=\"async\" width=\"1024\" height=\"681\" src=\"https:\/\/rckrb.hr\/new2\/wp-content\/uploads\/2022\/06\/Sajam-3-1024x681.jpg\" alt=\"\" class=\"wp-image-681\" srcset=\"https:\/\/rckrb.hr\/new2\/wp-content\/uploads\/2022\/06\/Sajam-3-1024x681.jpg 1024w, https:\/\/rckrb.hr\/new2\/wp-content\/uploads\/2022\/06\/Sajam-3-300x200.jpg 300w, https:\/\/rckrb.hr\/new2\/wp-content\/uploads\/2022\/06\/Sajam-3-768x511.jpg 768w, https:\/\/rckrb.hr\/new2\/wp-content\/uploads\/2022\/06\/Sajam-3-1536x1022.jpg 1536w, https:\/\/rckrb.hr\/new2\/wp-content\/uploads\/2022\/06\/Sajam-3-370x246.jpg 370w, https:\/\/rckrb.hr\/new2\/wp-content\/uploads\/2022\/06\/Sajam-3.jpg 2000w\" sizes=\"(max-width: 1024px) 100vw, 1024px\" \/><\/figure>\n\n\n\n<p>Ta je \u010dinjenica itekako zna\u010dajna i za sam grad Zagreb kao glavni grad Hrvatske, koji je ujedno i gospodarsko i industrijsko sredi\u0161te u kojem se nalazi najve\u0107i broj tvrtki koje se projektom RCK \u017eeli potaknuti da \u0161to ve\u0107i broj mladih ljudi primaju na praksu kako bi uz znanje koje dobivaju u \u0161koli kroz teoriju i vje\u017ebe u praktikumu, istodobno razvijali i vje\u0161tine u realnom sektoru, na radnim pozicijama za koje \u0107e jednog dana konkurirati.<\/p>\n\n\n\n<figure class=\"wp-block-image size-large\"><img decoding=\"async\" width=\"1024\" height=\"681\" src=\"https:\/\/rckrb.hr\/new2\/wp-content\/uploads\/2022\/06\/Sajam-2-1024x681.jpg\" alt=\"\" class=\"wp-image-682\" srcset=\"https:\/\/rckrb.hr\/new2\/wp-content\/uploads\/2022\/06\/Sajam-2-1024x681.jpg 1024w, https:\/\/rckrb.hr\/new2\/wp-content\/uploads\/2022\/06\/Sajam-2-300x200.jpg 300w, https:\/\/rckrb.hr\/new2\/wp-content\/uploads\/2022\/06\/Sajam-2-768x511.jpg 768w, https:\/\/rckrb.hr\/new2\/wp-content\/uploads\/2022\/06\/Sajam-2-1536x1022.jpg 1536w, https:\/\/rckrb.hr\/new2\/wp-content\/uploads\/2022\/06\/Sajam-2-370x246.jpg 370w, https:\/\/rckrb.hr\/new2\/wp-content\/uploads\/2022\/06\/Sajam-2.jpg 2000w\" sizes=\"(max-width: 1024px) 100vw, 1024px\" \/><\/figure>\n","protected":false},"excerpt":{"rendered":"<p>Regionalni centar kompetentnosti Ru\u0111era Bo\u0161kovi\u0107a je u travnju sudjelovao na bienalnom poslovnom sajmu BIAM &#8211; 26. me\u0111unarodni sajam alatnih strojeva i alata i ZAVARIVANJE \u2013 29. me\u0111unarodni sajam zavarivanja i antikorozivne za\u0161tite. Tom prigodom se projekt RCK predstavio tvrtkama, znanstvenim institucijama, krajnjim korisnicima i budu\u0107im polaznicima. Tijekom sve\u010danosti otvorenja Sajma uzvanicima se obratila ravnateljica Tehni\u010dke [&hellip;]<\/p>\n","protected":false},"author":1,"featured_media":680,"comment_status":"closed","ping_status":"closed","sticky":false,"template":"","format":"standard","meta":{"footnotes":""},"categories":[10,9],"tags":[],"class_list":["post-679","post","type-post","status-publish","format-standard","has-post-thumbnail","hentry","category-dogadaji","category-vijesti","has-thumb"],"_links":{"self":[{"href":"https:\/\/rckrb.hr\/new2\/wp-json\/wp\/v2\/posts\/679","targetHints":{"allow":["GET"]}}],"collection":[{"href":"https:\/\/rckrb.hr\/new2\/wp-json\/wp\/v2\/posts"}],"about":[{"href":"https:\/\/rckrb.hr\/new2\/wp-json\/wp\/v2\/types\/post"}],"author":[{"embeddable":true,"href":"https:\/\/rckrb.hr\/new2\/wp-json\/wp\/v2\/users\/1"}],"replies":[{"embeddable":true,"href":"https:\/\/rckrb.hr\/new2\/wp-json\/wp\/v2\/comments?post=679"}],"version-history":[{"count":2,"href":"https:\/\/rckrb.hr\/new2\/wp-json\/wp\/v2\/posts\/679\/revisions"}],"predecessor-version":[{"id":685,"href":"https:\/\/rckrb.hr\/new2\/wp-json\/wp\/v2\/posts\/679\/revisions\/685"}],"wp:featuredmedia":[{"embeddable":true,"href":"https:\/\/rckrb.hr\/new2\/wp-json\/wp\/v2\/media\/680"}],"wp:attachment":[{"href":"https:\/\/rckrb.hr\/new2\/wp-json\/wp\/v2\/media?parent=679"}],"wp:term":[{"taxonomy":"category","embeddable":true,"href":"https:\/\/rckrb.hr\/new2\/wp-json\/wp\/v2\/categories?post=679"},{"taxonomy":"post_tag","embeddable":true,"href":"https:\/\/rckrb.hr\/new2\/wp-json\/wp\/v2\/tags?post=679"}],"curies":[{"name":"wp","href":"https:\/\/api.w.org\/{rel}","templated":true}]}}