{"id":832,"date":"2022-10-31T16:33:24","date_gmt":"2022-10-31T16:33:24","guid":{"rendered":"https:\/\/rckrb.hr\/new2\/?p=832"},"modified":"2024-03-18T12:32:54","modified_gmt":"2024-03-18T12:32:54","slug":"rck-rudera-boskovica-na-interliber-u","status":"publish","type":"post","link":"https:\/\/rckrb.hr\/new2\/rck-rudera-boskovica-na-interliber-u\/","title":{"rendered":"RCK Ru\u0111era Bo\u0161kovi\u0107a na INTERLIBER-u"},"content":{"rendered":"\n<figure class=\"wp-block-image size-large\"><img fetchpriority=\"high\" decoding=\"async\" width=\"1024\" height=\"761\" src=\"https:\/\/rckrb.hr\/new2\/wp-content\/uploads\/2022\/10\/Foto-1-1024x761.jpg\" alt=\"\" class=\"wp-image-833\" srcset=\"https:\/\/rckrb.hr\/new2\/wp-content\/uploads\/2022\/10\/Foto-1-1024x761.jpg 1024w, https:\/\/rckrb.hr\/new2\/wp-content\/uploads\/2022\/10\/Foto-1-300x223.jpg 300w, https:\/\/rckrb.hr\/new2\/wp-content\/uploads\/2022\/10\/Foto-1-768x571.jpg 768w, https:\/\/rckrb.hr\/new2\/wp-content\/uploads\/2022\/10\/Foto-1-370x275.jpg 370w, https:\/\/rckrb.hr\/new2\/wp-content\/uploads\/2022\/10\/Foto-1-170x125.jpg 170w, https:\/\/rckrb.hr\/new2\/wp-content\/uploads\/2022\/10\/Foto-1-270x200.jpg 270w, https:\/\/rckrb.hr\/new2\/wp-content\/uploads\/2022\/10\/Foto-1.jpg 1080w\" sizes=\"(max-width: 1024px) 100vw, 1024px\" \/><\/figure>\n\n\n\n<p>Od utorka 8. studenoga do petka 11. studenoga 2022. godine Regionalni centar kompetentnosti Ru\u0111era Bo\u0161kovi\u0107a, Zagreb sudjelovat \u0107e na\u00a0 44. Me\u0111unarodnom sajmu knjiga &#8211; INTERLIBER. <\/p>\n\n\n\n<p>Uo\u010di sajma ravnateljica Tehni\u010dke \u0161kole Ru\u0111era Bo\u0161kovi\u0107a, \u0110ur\u0111ica Fu\u0161tar, poru\u010dila je: &#8220;<em>Pozdravljam vas ispred 963 u\u010denika i 123 zaposlenika \u0161kole. 2018. godine na\u0161a je \u0161kola imenovana Regionalnim centrom kompetentnosti od Ministarstva znanosti i obrazovanja. 2020. godine potpisali smo ugovor s Ministarstvom znanosti i obrazovanja vezan za operativni program U\u010dinkoviti ljudski potencijali u financijskom razdoblju 2014. do 2020., a ono \u0161to je posebno va\u017eno istaknuti da je ukupna vrijednost tog dijela projekta ne\u0161to manje od 50 milijuna kuna. Pozivam vas na Zagreba\u010dki Velesajam na 44. Me\u0111unarodni sajam knjiga &#8211; INTERLIBER, gdje \u0107e se na\u0161a \u0161kola predstaviti javnosti. Znanje i u\u010denje u na\u0161oj \u0161koli nudi odgovore na sve upite, \u0161to, gdje, kako te daje najbolje preporuke za mlade, bruco\u0161e i poslovne ljude. Mi \u0107emo i dalje ulagati u obrazovanje i povezivati se s gospodarstvom. Vidimo se na INTERLIBERU<\/em>!&#8221;<\/p>\n\n\n\n<figure class=\"wp-block-image size-large\"><img decoding=\"async\" width=\"1024\" height=\"731\" src=\"https:\/\/rckrb.hr\/new2\/wp-content\/uploads\/2022\/10\/Foto-2-1-1024x731.jpg\" alt=\"\" class=\"wp-image-834\" srcset=\"https:\/\/rckrb.hr\/new2\/wp-content\/uploads\/2022\/10\/Foto-2-1-1024x731.jpg 1024w, https:\/\/rckrb.hr\/new2\/wp-content\/uploads\/2022\/10\/Foto-2-1-300x214.jpg 300w, https:\/\/rckrb.hr\/new2\/wp-content\/uploads\/2022\/10\/Foto-2-1-768x548.jpg 768w, https:\/\/rckrb.hr\/new2\/wp-content\/uploads\/2022\/10\/Foto-2-1-370x264.jpg 370w, https:\/\/rckrb.hr\/new2\/wp-content\/uploads\/2022\/10\/Foto-2-1.jpg 1080w\" sizes=\"(max-width: 1024px) 100vw, 1024px\" \/><\/figure>\n\n\n\n<p>RCK Ru\u0111era Bo\u0161kovi\u0107a \u0107e u prvom petogodi\u0161njem razdoblju postati ogledni primjer izvrsnosti inovativnih modela u edukaciji temeljenoj na radu za ostale regije u Republici Hrvatskoj u ovom dijelu jugoisto\u010dne Europe i \u0161ire. Dugoro\u010dno \u0107e prenositi nove ideje u industriju i aktivno sudjelovati u implementaciji \u201eIndustrije 4.0\u201c u proizvodnim tvrtkama, implementaciji pametnog nadzora i upravljanja energijom, kao i implementaciji uporabe obnovljivih izvora energije. <\/p>\n\n\n\n<p>Ukupna vrijednost projekta: 49.508.697,83 HRK (100% sufinancira EU)<br>Razdoblje provedbe projekta: od 29. 3. 2020. do 29. 12. 2023.<br><\/p>\n","protected":false},"excerpt":{"rendered":"<p>Od utorka 8. studenoga do petka 11. studenoga 2022. godine Regionalni centar kompetentnosti Ru\u0111era Bo\u0161kovi\u0107a, Zagreb sudjelovat \u0107e na\u00a0 44. Me\u0111unarodnom sajmu knjiga &#8211; INTERLIBER. Uo\u010di sajma ravnateljica Tehni\u010dke \u0161kole Ru\u0111era Bo\u0161kovi\u0107a, \u0110ur\u0111ica Fu\u0161tar, poru\u010dila je: &#8220;Pozdravljam vas ispred 963 u\u010denika i 123 zaposlenika \u0161kole. 2018. godine na\u0161a je \u0161kola imenovana Regionalnim centrom kompetentnosti od [&hellip;]<\/p>\n","protected":false},"author":3,"featured_media":0,"comment_status":"closed","ping_status":"closed","sticky":false,"template":"","format":"standard","meta":{"footnotes":""},"categories":[1],"tags":[],"class_list":["post-832","post","type-post","status-publish","format-standard","hentry","category-uncategorized","no-thumb"],"_links":{"self":[{"href":"https:\/\/rckrb.hr\/new2\/wp-json\/wp\/v2\/posts\/832","targetHints":{"allow":["GET"]}}],"collection":[{"href":"https:\/\/rckrb.hr\/new2\/wp-json\/wp\/v2\/posts"}],"about":[{"href":"https:\/\/rckrb.hr\/new2\/wp-json\/wp\/v2\/types\/post"}],"author":[{"embeddable":true,"href":"https:\/\/rckrb.hr\/new2\/wp-json\/wp\/v2\/users\/3"}],"replies":[{"embeddable":true,"href":"https:\/\/rckrb.hr\/new2\/wp-json\/wp\/v2\/comments?post=832"}],"version-history":[{"count":1,"href":"https:\/\/rckrb.hr\/new2\/wp-json\/wp\/v2\/posts\/832\/revisions"}],"predecessor-version":[{"id":835,"href":"https:\/\/rckrb.hr\/new2\/wp-json\/wp\/v2\/posts\/832\/revisions\/835"}],"wp:attachment":[{"href":"https:\/\/rckrb.hr\/new2\/wp-json\/wp\/v2\/media?parent=832"}],"wp:term":[{"taxonomy":"category","embeddable":true,"href":"https:\/\/rckrb.hr\/new2\/wp-json\/wp\/v2\/categories?post=832"},{"taxonomy":"post_tag","embeddable":true,"href":"https:\/\/rckrb.hr\/new2\/wp-json\/wp\/v2\/tags?post=832"}],"curies":[{"name":"wp","href":"https:\/\/api.w.org\/{rel}","templated":true}]}}