{"id":837,"date":"2022-11-08T18:54:00","date_gmt":"2022-11-08T18:54:00","guid":{"rendered":"https:\/\/rckrb.hr\/new2\/?p=837"},"modified":"2024-03-18T12:32:54","modified_gmt":"2024-03-18T12:32:54","slug":"izlozbeni-prostor-regionalnog-centra-kompetentnosti-rudera-boskovica-na-interliberu-privukao-veliku-pozornost","status":"publish","type":"post","link":"https:\/\/rckrb.hr\/new2\/izlozbeni-prostor-regionalnog-centra-kompetentnosti-rudera-boskovica-na-interliberu-privukao-veliku-pozornost\/","title":{"rendered":"Izlo\u017ebeni prostor Regionalnog centra kompetentnosti Ru\u0111era Bo\u0161kovi\u0107a\u00a0na Interliberu privukao veliku pozornost"},"content":{"rendered":"\n<figure class=\"wp-block-image size-full\"><img fetchpriority=\"high\" decoding=\"async\" width=\"800\" height=\"532\" src=\"https:\/\/rckrb.hr\/new2\/wp-content\/uploads\/2022\/11\/RCK-RB-Interliber-5.jpg\" alt=\"\" class=\"wp-image-838\" srcset=\"https:\/\/rckrb.hr\/new2\/wp-content\/uploads\/2022\/11\/RCK-RB-Interliber-5.jpg 800w, https:\/\/rckrb.hr\/new2\/wp-content\/uploads\/2022\/11\/RCK-RB-Interliber-5-300x200.jpg 300w, https:\/\/rckrb.hr\/new2\/wp-content\/uploads\/2022\/11\/RCK-RB-Interliber-5-768x511.jpg 768w, https:\/\/rckrb.hr\/new2\/wp-content\/uploads\/2022\/11\/RCK-RB-Interliber-5-370x246.jpg 370w\" sizes=\"(max-width: 800px) 100vw, 800px\" \/><figcaption>Mladi su iskazali veliki interes za radionicu s VR nao\u010dalama  <\/figcaption><\/figure>\n\n\n\n<p><em>Na Zagreba\u010dkom Velesajmu odr\u017eava se 44. me\u0111unarodni sajam knjige Interliber. <\/em><\/p>\n\n\n\n<p><em>Prvoga dana, 8. studenoga, izlo\u017ebeni prostor Regionalnog centra kompetentnosti Ru\u0111era Bo\u0161kovi\u0107a privukao je veliku pozornost posjetitelja svih uzrasta. <\/em><\/p>\n\n\n\n<p><em>Bila je to prilika za promicanje novih tehnologija koje unapre\u0111uju procese i na\u010dine u\u010denja u \u0161koli. Zainteresirani su upoznati s opremom koja se koristiti u nastavnim aktivnostima, a posebnu\u00a0pozornost privukla je radionica s VR nao\u010dalama. <\/em>Za nju je poseban interes iskazao i gradona\u010delnik grada Zagreba, Tomislav Toma\u0161evi\u0107 koji je velikom broju okupljenih medija izjavio da ulaganje u razvoj obrazovnih programa i tehnologije doprinosi razvoju dru\u0161tva u cjelini i da je RCK Ru\u0111era Bo\u0161kovi\u0107a dobar primjer kako provedbom projekta koji donosi takvo ulaganje privu\u0107i interes mladih za upis. <\/p>\n\n\n\n<figure class=\"wp-block-image size-full\"><img decoding=\"async\" width=\"800\" height=\"532\" src=\"https:\/\/rckrb.hr\/new2\/wp-content\/uploads\/2022\/11\/RCK-RB-Interliber-1.jpg\" alt=\"\" class=\"wp-image-839\" srcset=\"https:\/\/rckrb.hr\/new2\/wp-content\/uploads\/2022\/11\/RCK-RB-Interliber-1.jpg 800w, https:\/\/rckrb.hr\/new2\/wp-content\/uploads\/2022\/11\/RCK-RB-Interliber-1-300x200.jpg 300w, https:\/\/rckrb.hr\/new2\/wp-content\/uploads\/2022\/11\/RCK-RB-Interliber-1-768x511.jpg 768w, https:\/\/rckrb.hr\/new2\/wp-content\/uploads\/2022\/11\/RCK-RB-Interliber-1-370x246.jpg 370w\" sizes=\"(max-width: 800px) 100vw, 800px\" \/><\/figure>\n\n\n\n<p><em>Dobro ozra\u010duje i stalni &#8220;\u0161u\u0161ur&#8221; na \u0161tandu i oko njega pokazatelj  je da je nastup na spomenutom sajmu opravdao o\u010dekivanja. <\/em><\/p>\n\n\n\n<p><em>Brojni osnovno\u0161kolci iskoristili su vrijeme provedeno na sajmu i za ugodno dru\u017eenje s nastavnicima \u0161kole te se taj se na\u010din iz prve ruke informirali o nastavnim sadr\u017eajima. <\/em><\/p>\n\n\n\n<figure class=\"wp-block-image size-full\"><img decoding=\"async\" width=\"800\" height=\"532\" src=\"https:\/\/rckrb.hr\/new2\/wp-content\/uploads\/2022\/11\/RCK-RB-Interliber-4.jpg\" alt=\"\" class=\"wp-image-840\" srcset=\"https:\/\/rckrb.hr\/new2\/wp-content\/uploads\/2022\/11\/RCK-RB-Interliber-4.jpg 800w, https:\/\/rckrb.hr\/new2\/wp-content\/uploads\/2022\/11\/RCK-RB-Interliber-4-300x200.jpg 300w, https:\/\/rckrb.hr\/new2\/wp-content\/uploads\/2022\/11\/RCK-RB-Interliber-4-768x511.jpg 768w, https:\/\/rckrb.hr\/new2\/wp-content\/uploads\/2022\/11\/RCK-RB-Interliber-4-370x246.jpg 370w\" sizes=\"(max-width: 800px) 100vw, 800px\" \/><\/figure>\n\n\n\n<p>\u0160tand <em>Regionalnog centra kompetentnosti Ru\u0111era Bo\u0161kovi\u0107a na Interliberu mo\u017eete posjetiti jo\u0161 do petka 11. studenoga 2022. godine. \u00a0<\/em><\/p>\n","protected":false},"excerpt":{"rendered":"<p>Na Zagreba\u010dkom Velesajmu odr\u017eava se 44. me\u0111unarodni sajam knjige Interliber. Prvoga dana, 8. studenoga, izlo\u017ebeni prostor Regionalnog centra kompetentnosti Ru\u0111era Bo\u0161kovi\u0107a privukao je veliku pozornost posjetitelja svih uzrasta. Bila je to prilika za promicanje novih tehnologija koje unapre\u0111uju procese i na\u010dine u\u010denja u \u0161koli. Zainteresirani su upoznati s opremom koja se koristiti u nastavnim aktivnostima, [&hellip;]<\/p>\n","protected":false},"author":1,"featured_media":0,"comment_status":"closed","ping_status":"closed","sticky":false,"template":"","format":"standard","meta":{"footnotes":""},"categories":[1],"tags":[],"class_list":["post-837","post","type-post","status-publish","format-standard","hentry","category-uncategorized","no-thumb"],"_links":{"self":[{"href":"https:\/\/rckrb.hr\/new2\/wp-json\/wp\/v2\/posts\/837","targetHints":{"allow":["GET"]}}],"collection":[{"href":"https:\/\/rckrb.hr\/new2\/wp-json\/wp\/v2\/posts"}],"about":[{"href":"https:\/\/rckrb.hr\/new2\/wp-json\/wp\/v2\/types\/post"}],"author":[{"embeddable":true,"href":"https:\/\/rckrb.hr\/new2\/wp-json\/wp\/v2\/users\/1"}],"replies":[{"embeddable":true,"href":"https:\/\/rckrb.hr\/new2\/wp-json\/wp\/v2\/comments?post=837"}],"version-history":[{"count":1,"href":"https:\/\/rckrb.hr\/new2\/wp-json\/wp\/v2\/posts\/837\/revisions"}],"predecessor-version":[{"id":841,"href":"https:\/\/rckrb.hr\/new2\/wp-json\/wp\/v2\/posts\/837\/revisions\/841"}],"wp:attachment":[{"href":"https:\/\/rckrb.hr\/new2\/wp-json\/wp\/v2\/media?parent=837"}],"wp:term":[{"taxonomy":"category","embeddable":true,"href":"https:\/\/rckrb.hr\/new2\/wp-json\/wp\/v2\/categories?post=837"},{"taxonomy":"post_tag","embeddable":true,"href":"https:\/\/rckrb.hr\/new2\/wp-json\/wp\/v2\/tags?post=837"}],"curies":[{"name":"wp","href":"https:\/\/api.w.org\/{rel}","templated":true}]}}