{"id":849,"date":"2022-11-15T17:24:08","date_gmt":"2022-11-15T17:24:08","guid":{"rendered":"https:\/\/rckrb.hr\/new2\/?p=849"},"modified":"2024-03-18T12:32:54","modified_gmt":"2024-03-18T12:32:54","slug":"specijalizirani-sajam-rck-i-skolski-dan-promocija-strukovnih-zanimanja","status":"publish","type":"post","link":"https:\/\/rckrb.hr\/new2\/specijalizirani-sajam-rck-i-skolski-dan-promocija-strukovnih-zanimanja\/","title":{"rendered":"Specijalizirani sajam RCK i \u0161kolski dan &#8211; promocija strukovnih zanimanja"},"content":{"rendered":"\n<figure class=\"wp-block-image size-large\"><img fetchpriority=\"high\" decoding=\"async\" width=\"1024\" height=\"573\" src=\"https:\/\/rckrb.hr\/new2\/wp-content\/uploads\/2022\/11\/ravnateljica-1-1024x573.jpg\" alt=\"\" class=\"wp-image-850\" srcset=\"https:\/\/rckrb.hr\/new2\/wp-content\/uploads\/2022\/11\/ravnateljica-1-1024x573.jpg 1024w, https:\/\/rckrb.hr\/new2\/wp-content\/uploads\/2022\/11\/ravnateljica-1-300x168.jpg 300w, https:\/\/rckrb.hr\/new2\/wp-content\/uploads\/2022\/11\/ravnateljica-1-768x430.jpg 768w, https:\/\/rckrb.hr\/new2\/wp-content\/uploads\/2022\/11\/ravnateljica-1-370x207.jpg 370w, https:\/\/rckrb.hr\/new2\/wp-content\/uploads\/2022\/11\/ravnateljica-1.jpg 1225w\" sizes=\"(max-width: 1024px) 100vw, 1024px\" \/><\/figure>\n\n\n\n<p>U petak, 02. prosinca 2022. godine Regionalni centar kompetentnosti Ru\u0111era Bo\u0161kovi\u0107a, Zagreb organizirat \u0107e na Zagreba\u010dkom velesajmu Specijalizirani sajam RCK i\u00a0<strong>\u0161kolski dan \u2013 promocija strukovnih zanimanja.<\/strong> Kao izlaga\u010di na Specijaliziranom sajmu predstavit \u0107e se srednje \u0161kole te partneri i suradnici u projektu, tvrtke i fakulteti.<\/p>\n\n\n\n<p>Cilj je \u0160kolskog dana popularizacija strukovnih zanimanja, povezivanje poslodavaca, partnera, polaznika, budu\u0107ih polaznika i svih zainteresiranih te njihova interakcija.<\/p>\n\n\n\n<p>Tijekom sajma bit \u0107e odr\u017eana konferencija pod nazivom &#8221; <strong>Budu\u0107nost strukovnih zanimanja &#8211; Digitalizacija industrije i dru\u0161tva<\/strong>&#8220;.<\/p>\n\n\n\n<p>Poseban naglasak \u0107e biti stavljen na mogu\u0107nosti koje se nude novim generacijama koje \u017eele dati svoj doprinos u stvaranju odr\u017eive budu\u0107nosti i \u017eele se bolje upoznati s mogu\u0107nostima na tr\u017ei\u0161tu rada.<\/p>\n\n\n\n<p>Prelazak na Industriju 4.0 postaje sastavni dio svih na\u0161ih modernih procesa, zbog \u010dega na\u0161e obrazovanje moramo prilagoditi potrebama tr\u017ei\u0161ta rada kako bi u\u010denici nakon zavr\u0161etka \u0161kolovanja bili konkurentni.\u00a0Regionalni centar kompetentnosti Ru\u0111era Bo\u0161kovi\u0107a, Zagreb ide prema tom cilju &#8211; osigurati kvalitetno obrazovanje za u\u010denike i kontinuirano raditi na obrazovanju na\u0161e djece kako bi bila \u0161to kvalitetnija i konkuretnija na tr\u017ei\u0161tu rada.\u00a0<\/p>\n\n\n\n<p>Koncept RCK Ru\u0111era Bo\u0161kovi\u0107a bit \u0107e prvi ogledni i pokazni primjer povezivanja strukovnog obrazovanja sa industrijskim okru\u017eenjem u cijeloj Hrvatskoj, te u ovom dijelu jugoisto\u010dne Europe i \u0161ire.<\/p>\n\n\n\n<p>U projekt \u201cRCK Ru\u0111era Bo\u0161kovi\u0107a\u201d uklju\u010deno je 10 partnerskih organizacija (<em>Elektrotehni\u010dka \u0161kola, I. Tehni\u010dka \u0161kola, Fakultet strojarstva i brodogradnje, Visoko u\u010dli\u0161te Algebra, Klimaoprema d.d., Kra\u0161 d.d., Franck d.d., Puri\u0107 d.o.o., Grad Zagreb i Projekt jednako razvoj d.o.o.<\/em>).<\/p>\n\n\n\n<figure class=\"wp-block-image size-large\"><img decoding=\"async\" width=\"1024\" height=\"681\" src=\"https:\/\/rckrb.hr\/new2\/wp-content\/uploads\/2022\/11\/Stand-RCK-Rudera-Boskovica-1024x681.jpg\" alt=\"\" class=\"wp-image-851\" srcset=\"https:\/\/rckrb.hr\/new2\/wp-content\/uploads\/2022\/11\/Stand-RCK-Rudera-Boskovica-1024x681.jpg 1024w, https:\/\/rckrb.hr\/new2\/wp-content\/uploads\/2022\/11\/Stand-RCK-Rudera-Boskovica-300x200.jpg 300w, https:\/\/rckrb.hr\/new2\/wp-content\/uploads\/2022\/11\/Stand-RCK-Rudera-Boskovica-768x511.jpg 768w, https:\/\/rckrb.hr\/new2\/wp-content\/uploads\/2022\/11\/Stand-RCK-Rudera-Boskovica-370x246.jpg 370w, https:\/\/rckrb.hr\/new2\/wp-content\/uploads\/2022\/11\/Stand-RCK-Rudera-Boskovica.jpg 1200w\" sizes=\"(max-width: 1024px) 100vw, 1024px\" \/><\/figure>\n\n\n\n<p><em>Projektom \u0107e biti uspostavljen Regionalni centar kompetentnosti u podru\u010dju elektrotehnike i ra\u010dunalstva.\u00a0<\/em> <em>Sastoji se od\u00a06 osnovnih elementa, te niz podaktivnosti. Od uspostave samog centra, preko razvoja novih strukovnih programa i<\/em> <em>programa obrazovanja odraslih, nabave specijalizirane opreme, provo\u0111enja stru\u010dne prakse, stru\u010dnog usavr\u0161avanja nastavnika do promocije centra.<br>Nove tehnologije u RCK unaprijedit \u0107e procese i na\u010dine u\u010denja, razviti postoje\u0107a i stvarati nova ciljana znanja i vje\u0161tine, odgovoriti na izazove tr\u017ei\u0161ta rada, te stvoriti stvarnu, i neraskidivu povezanost Centra sa industrijskim okru\u017eenjem. RCK \u0107e u prvom petogodi\u0161njem razdoblju postati ogledni i pokazni primjer izvrsnosti inovativnih modela u edukaciji temeljenoj na radu za ostale regije u Hrvatskoj, te u ovom dijelu jugoisto\u010dne Europe i \u0161ire. RCK \u0107e dugoro\u010dno prenositi nove ideje u industriju, te aktivno sudjelovati u implementaciji \u201eIndusrije 4.0\u201c u proizvodnim tvrtkama, implementaciji pametnog nadzora i upravljanjem energijom, kao i implementaciji uporabe obnovljivih izvora energije.<\/em><\/p>\n\n\n\n<p><strong>Ukupna vrijednost projekta:&nbsp;<\/strong>49.508.697,83 HRK (100% sufinancira EU)<\/p>\n\n\n\n<p><strong>Razdoblje provedbe projekta<\/strong>: od 29. 3. 2020. do 29. 12. 2023.<\/p>\n\n\n\n<p><strong>Kontakt za vi\u0161e informacija<\/strong>: projekt@rckrb.hr<\/p>\n","protected":false},"excerpt":{"rendered":"<p>U petak, 02. prosinca 2022. godine Regionalni centar kompetentnosti Ru\u0111era Bo\u0161kovi\u0107a, Zagreb organizirat \u0107e na Zagreba\u010dkom velesajmu Specijalizirani sajam RCK i\u00a0\u0161kolski dan \u2013 promocija strukovnih zanimanja. Kao izlaga\u010di na Specijaliziranom sajmu predstavit \u0107e se srednje \u0161kole te partneri i suradnici u projektu, tvrtke i fakulteti. Cilj je \u0160kolskog dana popularizacija strukovnih zanimanja, povezivanje poslodavaca, partnera, [&hellip;]<\/p>\n","protected":false},"author":3,"featured_media":0,"comment_status":"closed","ping_status":"closed","sticky":false,"template":"","format":"standard","meta":{"footnotes":""},"categories":[1],"tags":[],"class_list":["post-849","post","type-post","status-publish","format-standard","hentry","category-uncategorized","no-thumb"],"_links":{"self":[{"href":"https:\/\/rckrb.hr\/new2\/wp-json\/wp\/v2\/posts\/849","targetHints":{"allow":["GET"]}}],"collection":[{"href":"https:\/\/rckrb.hr\/new2\/wp-json\/wp\/v2\/posts"}],"about":[{"href":"https:\/\/rckrb.hr\/new2\/wp-json\/wp\/v2\/types\/post"}],"author":[{"embeddable":true,"href":"https:\/\/rckrb.hr\/new2\/wp-json\/wp\/v2\/users\/3"}],"replies":[{"embeddable":true,"href":"https:\/\/rckrb.hr\/new2\/wp-json\/wp\/v2\/comments?post=849"}],"version-history":[{"count":1,"href":"https:\/\/rckrb.hr\/new2\/wp-json\/wp\/v2\/posts\/849\/revisions"}],"predecessor-version":[{"id":852,"href":"https:\/\/rckrb.hr\/new2\/wp-json\/wp\/v2\/posts\/849\/revisions\/852"}],"wp:attachment":[{"href":"https:\/\/rckrb.hr\/new2\/wp-json\/wp\/v2\/media?parent=849"}],"wp:term":[{"taxonomy":"category","embeddable":true,"href":"https:\/\/rckrb.hr\/new2\/wp-json\/wp\/v2\/categories?post=849"},{"taxonomy":"post_tag","embeddable":true,"href":"https:\/\/rckrb.hr\/new2\/wp-json\/wp\/v2\/tags?post=849"}],"curies":[{"name":"wp","href":"https:\/\/api.w.org\/{rel}","templated":true}]}}