{"id":867,"date":"2023-03-28T12:09:15","date_gmt":"2023-03-28T12:09:15","guid":{"rendered":"https:\/\/rckrb.hr\/new2\/?p=867"},"modified":"2024-03-18T12:32:54","modified_gmt":"2024-03-18T12:32:54","slug":"rck-rudera-boskovica-na-9-konferenciji-smart-cities","status":"publish","type":"post","link":"https:\/\/rckrb.hr\/new2\/rck-rudera-boskovica-na-9-konferenciji-smart-cities\/","title":{"rendered":"RCK Ru\u0111era Bo\u0161kovi\u0107a na 9. Konferenciji SMART CITIES"},"content":{"rendered":"\n<p>U utorak 28. o\u017eujka 2023. Regionalni centar kompetentnosti Ru\u0111era Bo\u0161kovi\u0107a, Zagreb sudjelovat \u0107e na 9. Konferenciji SMART CITIES. Bit \u0107e to prigoda da se Regionalni centar kompetentnosti Ru\u0111era Bo\u0161kovi\u0107a predstavi tvrtkama, znanstvenim institucijama, krajnjim korisnicima i budu\u0107im polaznicima.<\/p>\n\n\n\n<p><\/p>\n\n\n\n<figure class=\"wp-block-image size-full\"><img fetchpriority=\"high\" decoding=\"async\" width=\"700\" height=\"466\" src=\"https:\/\/rckrb.hr\/new2\/wp-content\/uploads\/2023\/03\/Durdica-Fustar-ravnateljica-Tehnicke-skole-Rudera-Boskovica.jpg\" alt=\"\" class=\"wp-image-869\" srcset=\"https:\/\/rckrb.hr\/new2\/wp-content\/uploads\/2023\/03\/Durdica-Fustar-ravnateljica-Tehnicke-skole-Rudera-Boskovica.jpg 700w, https:\/\/rckrb.hr\/new2\/wp-content\/uploads\/2023\/03\/Durdica-Fustar-ravnateljica-Tehnicke-skole-Rudera-Boskovica-300x200.jpg 300w, https:\/\/rckrb.hr\/new2\/wp-content\/uploads\/2023\/03\/Durdica-Fustar-ravnateljica-Tehnicke-skole-Rudera-Boskovica-370x246.jpg 370w\" sizes=\"(max-width: 700px) 100vw, 700px\" \/><\/figure>\n\n\n\n<p>Uo\u010di Konferencije ravnateljica Tehni\u010dke \u0161kole Ru\u0111er Bo\u0161kovi\u0107 \u0110ur\u0111ica Fu\u0161tar, prof. poru\u010duje: \u201c<em>Pozdravljam vas ispred 963 u\u010denika i 123 zaposlenika \u0161kole. 2018. godine na\u0161a je \u0161kola imenovana Regionalnim centrom kompetentnosti od Ministarstva znanosti i obrazovanja. 2020. godine potpisali smo ugovor s Ministarstvom znanosti i obrazovanja vezan za operativni program U\u010dinkoviti ljudski potencijali u financijskom razdoblju 2014. do 2020., a posebno je va\u017eno istaknuti kako je ukupna vrijednost tog dijela projekta\u00a06.570.933,42 EUR. Pozivam vas na Zagreba\u010dki Velesajam na\u00a0<\/em>9. Konferenciju SMART CITIES<em>, gdje \u0107e se na\u0161a \u0161kola predstaviti javnosti. Znanje i u\u010denje u na\u0161oj \u0161koli nudi odgovore na sve upite, \u0161to, gdje, kako te daje najbolje preporuke za mlade, bruco\u0161e i poslovne ljude. Mi \u0107emo i dalje ulagati u obrazovanje i povezivati se s gospodarstvom. Vidimo se na Konferenciji\u00a0<\/em>SMART CITIES!\u201d<\/p>\n\n\n\n<p>Koncept RCK Ru\u0111era Bo\u0161kovi\u0107a bit \u0107e prvi ogledni i pokazni primjer povezivanja strukovnog obrazovanja s industrijskim okru\u017eenjem. U prvom petogodi\u0161njem razdoblju postat \u0107e ogledni primjer izvrsnosti inovativnih modela u edukaciji temeljenoj na radu za ostale regije u Republici Hrvatskoj u ovom dijelu jugoisto\u010dne Europe i \u0161ire. RCK \u0107e dugoro\u010dno prenositi nove ideje u industriju i aktivno sudjelovati u implementaciji \u201eIndustrije 4.0\u201c u proizvodnim tvrtkama, implementaciji pametnog nadzora i upravljanja energijom, kao i implementaciji uporabe obnovljivih izvora energije.<\/p>\n\n\n\n<figure class=\"wp-block-image size-full\"><img decoding=\"async\" width=\"650\" height=\"340\" src=\"https:\/\/rckrb.hr\/new2\/wp-content\/uploads\/2023\/03\/rck-rudera-boskovica.png\" alt=\"\" class=\"wp-image-870\" srcset=\"https:\/\/rckrb.hr\/new2\/wp-content\/uploads\/2023\/03\/rck-rudera-boskovica.png 650w, https:\/\/rckrb.hr\/new2\/wp-content\/uploads\/2023\/03\/rck-rudera-boskovica-300x157.png 300w, https:\/\/rckrb.hr\/new2\/wp-content\/uploads\/2023\/03\/rck-rudera-boskovica-370x194.png 370w\" sizes=\"(max-width: 650px) 100vw, 650px\" \/><\/figure>\n","protected":false},"excerpt":{"rendered":"<p>U utorak 28. o\u017eujka 2023. Regionalni centar kompetentnosti Ru\u0111era Bo\u0161kovi\u0107a, Zagreb sudjelovat \u0107e na 9. Konferenciji SMART CITIES. Bit \u0107e to prigoda da se Regionalni centar kompetentnosti Ru\u0111era Bo\u0161kovi\u0107a predstavi tvrtkama, znanstvenim institucijama, krajnjim korisnicima i budu\u0107im polaznicima. Uo\u010di Konferencije ravnateljica Tehni\u010dke \u0161kole Ru\u0111er Bo\u0161kovi\u0107 \u0110ur\u0111ica Fu\u0161tar, prof. poru\u010duje: \u201cPozdravljam vas ispred 963 u\u010denika i [&hellip;]<\/p>\n","protected":false},"author":3,"featured_media":868,"comment_status":"closed","ping_status":"closed","sticky":false,"template":"","format":"standard","meta":{"footnotes":""},"categories":[10,9],"tags":[],"class_list":["post-867","post","type-post","status-publish","format-standard","has-post-thumbnail","hentry","category-dogadaji","category-vijesti","has-thumb"],"_links":{"self":[{"href":"https:\/\/rckrb.hr\/new2\/wp-json\/wp\/v2\/posts\/867","targetHints":{"allow":["GET"]}}],"collection":[{"href":"https:\/\/rckrb.hr\/new2\/wp-json\/wp\/v2\/posts"}],"about":[{"href":"https:\/\/rckrb.hr\/new2\/wp-json\/wp\/v2\/types\/post"}],"author":[{"embeddable":true,"href":"https:\/\/rckrb.hr\/new2\/wp-json\/wp\/v2\/users\/3"}],"replies":[{"embeddable":true,"href":"https:\/\/rckrb.hr\/new2\/wp-json\/wp\/v2\/comments?post=867"}],"version-history":[{"count":1,"href":"https:\/\/rckrb.hr\/new2\/wp-json\/wp\/v2\/posts\/867\/revisions"}],"predecessor-version":[{"id":871,"href":"https:\/\/rckrb.hr\/new2\/wp-json\/wp\/v2\/posts\/867\/revisions\/871"}],"wp:featuredmedia":[{"embeddable":true,"href":"https:\/\/rckrb.hr\/new2\/wp-json\/wp\/v2\/media\/868"}],"wp:attachment":[{"href":"https:\/\/rckrb.hr\/new2\/wp-json\/wp\/v2\/media?parent=867"}],"wp:term":[{"taxonomy":"category","embeddable":true,"href":"https:\/\/rckrb.hr\/new2\/wp-json\/wp\/v2\/categories?post=867"},{"taxonomy":"post_tag","embeddable":true,"href":"https:\/\/rckrb.hr\/new2\/wp-json\/wp\/v2\/tags?post=867"}],"curies":[{"name":"wp","href":"https:\/\/api.w.org\/{rel}","templated":true}]}}