{"id":895,"date":"2023-05-22T12:37:15","date_gmt":"2023-05-22T12:37:15","guid":{"rendered":"https:\/\/rckrb.hr\/new2\/?p=895"},"modified":"2024-03-18T12:32:54","modified_gmt":"2024-03-18T12:32:54","slug":"regionalni-centar-kompetentnosti-rudera-boskovica-organizirao-je-dan-otvorenih-vrata-skole","status":"publish","type":"post","link":"https:\/\/rckrb.hr\/new2\/regionalni-centar-kompetentnosti-rudera-boskovica-organizirao-je-dan-otvorenih-vrata-skole\/","title":{"rendered":"Regionalni centar kompetentnosti Ru\u0111era Bo\u0161kovi\u0107a organizirao je Dan otvorenih vrata \u0161kole"},"content":{"rendered":"\n<p>U subotu, 20. svibnja 2023. godine, Regionalni centar kompetentnosti Ru\u0111era Bo\u0161kovi\u0107a organizirao je <strong>Dan otvorenih vrata \u0161kole<\/strong>.<\/p>\n\n\n\n<p>Manifestacija je odr\u017eana u prostoru Tehni\u010dke \u0161kole Ru\u0111era Bo\u0161kovi\u0107a, a posjetitelji su na ovaj na\u010din imali priliku otkriti obrazovne programe \u0161kole. Zainteresirani budu\u0107i u\u010denici i njihove pratnje proveli su vrijeme otkrivaju\u0107i prakti\u010dne primjere novih tehnologija na primjeru zavr\u0161nih radova.<\/p>\n\n\n\n<p>Cilj Dana otvorenih vrata \u0161kole bio je da u\u010denici iz zagreba\u010dkih osnovnih \u0161kola posjete \u0161kolu, prostorije, u\u010dionice, laboratorije te se lak\u0161e odlu\u010de za upis u srednju \u0161kolu. Tako\u0111er, na otvorenom prostoru ispred \u0161kole bili su postavljeni \u0161tandovi s u\u010deni\u010dkim radovima i reklamnim materijalima Centra i projektnih partnera.<\/p>\n\n\n\n<figure class=\"wp-block-gallery has-nested-images columns-default is-cropped wp-block-gallery-1 is-layout-flex wp-block-gallery-is-layout-flex\">\n<figure class=\"wp-block-image size-large\"><img fetchpriority=\"high\" decoding=\"async\" width=\"682\" height=\"1024\" data-id=\"899\" src=\"https:\/\/rckrb.hr\/new2\/wp-content\/uploads\/2023\/05\/200523-Dan-otvorenih-vrata-RCK-RB5-682x1024.jpg\" alt=\"\" class=\"wp-image-899\" srcset=\"https:\/\/rckrb.hr\/new2\/wp-content\/uploads\/2023\/05\/200523-Dan-otvorenih-vrata-RCK-RB5-682x1024.jpg 682w, https:\/\/rckrb.hr\/new2\/wp-content\/uploads\/2023\/05\/200523-Dan-otvorenih-vrata-RCK-RB5-200x300.jpg 200w, https:\/\/rckrb.hr\/new2\/wp-content\/uploads\/2023\/05\/200523-Dan-otvorenih-vrata-RCK-RB5-768x1154.jpg 768w, https:\/\/rckrb.hr\/new2\/wp-content\/uploads\/2023\/05\/200523-Dan-otvorenih-vrata-RCK-RB5-1022x1536.jpg 1022w, https:\/\/rckrb.hr\/new2\/wp-content\/uploads\/2023\/05\/200523-Dan-otvorenih-vrata-RCK-RB5-370x556.jpg 370w, https:\/\/rckrb.hr\/new2\/wp-content\/uploads\/2023\/05\/200523-Dan-otvorenih-vrata-RCK-RB5-60x91.jpg 60w, https:\/\/rckrb.hr\/new2\/wp-content\/uploads\/2023\/05\/200523-Dan-otvorenih-vrata-RCK-RB5.jpg 1250w\" sizes=\"(max-width: 682px) 100vw, 682px\" \/><\/figure>\n\n\n\n<figure class=\"wp-block-image size-large\"><img decoding=\"async\" width=\"1024\" height=\"681\" data-id=\"900\" src=\"https:\/\/rckrb.hr\/new2\/wp-content\/uploads\/2023\/05\/200523-Dan-otvorenih-vrata-RCK-RB6-1024x681.jpg\" alt=\"\" class=\"wp-image-900\" srcset=\"https:\/\/rckrb.hr\/new2\/wp-content\/uploads\/2023\/05\/200523-Dan-otvorenih-vrata-RCK-RB6-1024x681.jpg 1024w, https:\/\/rckrb.hr\/new2\/wp-content\/uploads\/2023\/05\/200523-Dan-otvorenih-vrata-RCK-RB6-300x199.jpg 300w, https:\/\/rckrb.hr\/new2\/wp-content\/uploads\/2023\/05\/200523-Dan-otvorenih-vrata-RCK-RB6-768x511.jpg 768w, https:\/\/rckrb.hr\/new2\/wp-content\/uploads\/2023\/05\/200523-Dan-otvorenih-vrata-RCK-RB6-370x246.jpg 370w, https:\/\/rckrb.hr\/new2\/wp-content\/uploads\/2023\/05\/200523-Dan-otvorenih-vrata-RCK-RB6.jpg 1250w\" sizes=\"(max-width: 1024px) 100vw, 1024px\" \/><\/figure>\n\n\n\n<figure class=\"wp-block-image size-large\"><img decoding=\"async\" width=\"1024\" height=\"681\" data-id=\"898\" src=\"https:\/\/rckrb.hr\/new2\/wp-content\/uploads\/2023\/05\/200523-Dan-otvorenih-vrata-RCK-RB7-1024x681.jpg\" alt=\"\" class=\"wp-image-898\" srcset=\"https:\/\/rckrb.hr\/new2\/wp-content\/uploads\/2023\/05\/200523-Dan-otvorenih-vrata-RCK-RB7-1024x681.jpg 1024w, https:\/\/rckrb.hr\/new2\/wp-content\/uploads\/2023\/05\/200523-Dan-otvorenih-vrata-RCK-RB7-300x199.jpg 300w, https:\/\/rckrb.hr\/new2\/wp-content\/uploads\/2023\/05\/200523-Dan-otvorenih-vrata-RCK-RB7-768x511.jpg 768w, https:\/\/rckrb.hr\/new2\/wp-content\/uploads\/2023\/05\/200523-Dan-otvorenih-vrata-RCK-RB7-370x246.jpg 370w, https:\/\/rckrb.hr\/new2\/wp-content\/uploads\/2023\/05\/200523-Dan-otvorenih-vrata-RCK-RB7.jpg 1250w\" sizes=\"(max-width: 1024px) 100vw, 1024px\" \/><\/figure>\n\n\n\n<figure class=\"wp-block-image size-large\"><img loading=\"lazy\" decoding=\"async\" width=\"1024\" height=\"681\" data-id=\"901\" src=\"https:\/\/rckrb.hr\/new2\/wp-content\/uploads\/2023\/05\/200523-Dan-otvorenih-vrata-RCK-RB8-1024x681.jpg\" alt=\"\" class=\"wp-image-901\" srcset=\"https:\/\/rckrb.hr\/new2\/wp-content\/uploads\/2023\/05\/200523-Dan-otvorenih-vrata-RCK-RB8-1024x681.jpg 1024w, https:\/\/rckrb.hr\/new2\/wp-content\/uploads\/2023\/05\/200523-Dan-otvorenih-vrata-RCK-RB8-300x199.jpg 300w, https:\/\/rckrb.hr\/new2\/wp-content\/uploads\/2023\/05\/200523-Dan-otvorenih-vrata-RCK-RB8-768x511.jpg 768w, https:\/\/rckrb.hr\/new2\/wp-content\/uploads\/2023\/05\/200523-Dan-otvorenih-vrata-RCK-RB8-370x246.jpg 370w, https:\/\/rckrb.hr\/new2\/wp-content\/uploads\/2023\/05\/200523-Dan-otvorenih-vrata-RCK-RB8.jpg 1250w\" sizes=\"(max-width: 1024px) 100vw, 1024px\" \/><\/figure>\n\n\n\n<figure class=\"wp-block-image size-large\"><img loading=\"lazy\" decoding=\"async\" width=\"1024\" height=\"681\" data-id=\"907\" src=\"https:\/\/rckrb.hr\/new2\/wp-content\/uploads\/2023\/05\/200523-Dan-otvorenih-vrata-RCK-RB-1-1024x681.jpg\" alt=\"\" class=\"wp-image-907\" srcset=\"https:\/\/rckrb.hr\/new2\/wp-content\/uploads\/2023\/05\/200523-Dan-otvorenih-vrata-RCK-RB-1-1024x681.jpg 1024w, https:\/\/rckrb.hr\/new2\/wp-content\/uploads\/2023\/05\/200523-Dan-otvorenih-vrata-RCK-RB-1-300x199.jpg 300w, https:\/\/rckrb.hr\/new2\/wp-content\/uploads\/2023\/05\/200523-Dan-otvorenih-vrata-RCK-RB-1-768x511.jpg 768w, https:\/\/rckrb.hr\/new2\/wp-content\/uploads\/2023\/05\/200523-Dan-otvorenih-vrata-RCK-RB-1-370x246.jpg 370w, https:\/\/rckrb.hr\/new2\/wp-content\/uploads\/2023\/05\/200523-Dan-otvorenih-vrata-RCK-RB-1.jpg 1250w\" sizes=\"(max-width: 1024px) 100vw, 1024px\" \/><\/figure>\n<\/figure>\n\n\n\n<p><\/p>\n\n\n\n<p>&#8220;<em>Zbog velikog broja prijavljenih u\u010denika, njihovih roditelja i skrbnika obilazak smo podijelili u dva dijela. Prvi su posjetitelji bili u 9.30,\u00a0a drugi u 11 sati. Najprije su obi\u0161li unutarnje prostorije, prije svega\u00a0laboratorije vezane za na\u0161e strukovne kurikulume \u2013 tehni\u010dar za ra\u010dunarstvo, mehatroniku i elektroniku. Zainteresirani za program obrazovanja tehni\u010dar za o\u010dnu optiku\u00a0posjetili su radionice optike.<br>Nakon obilaska \u0161kole, obja\u0161njava ravnateljica, posjetitelji su obi\u0161li vanjski prostor\u00a0gdje su u okviru uspostave Regionalnog centra kompetentnosti Ru\u0111era Bo\u0161kovi\u0107a na 30 \u0161tandova odr\u017eane zanimljive prezentacije, igre, a mogli su se vidjeti i dronovi. Budu\u0107e u\u010denike i njihove roditelje\/skrbnike na vanjskom prostoru ispred \u0161kole do\u010dekali su nastavnici i stru\u010dni suradnici, koji su \u010dlanovi projektnog tima Regionalnog centra kompetentnosti, ali i u\u010denici koji sudjeluju u projektu i imaju ne\u0161to zanimljivo\u00a0prezentirati. Ove godine \u0161kola \u0107e primiti\u00a0242 nova u\u010denika u 10 razreda<\/em>\u201c, izjavila je ravnateljica Tehni\u010dke \u0161kole Ru\u0111era Bo\u0161kovi\u0107a, <strong>\u0110ur\u0111ica Fu\u0161tar<\/strong>.<\/p>\n\n\n\n<figure class=\"wp-block-gallery has-nested-images columns-default is-cropped wp-block-gallery-2 is-layout-flex wp-block-gallery-is-layout-flex\">\n<figure class=\"wp-block-image size-large\"><img loading=\"lazy\" decoding=\"async\" width=\"1024\" height=\"681\" data-id=\"902\" src=\"https:\/\/rckrb.hr\/new2\/wp-content\/uploads\/2023\/05\/200523-Dan-otvorenih-vrata-RCK-RB2-1024x681.jpg\" alt=\"\" class=\"wp-image-902\" srcset=\"https:\/\/rckrb.hr\/new2\/wp-content\/uploads\/2023\/05\/200523-Dan-otvorenih-vrata-RCK-RB2-1024x681.jpg 1024w, https:\/\/rckrb.hr\/new2\/wp-content\/uploads\/2023\/05\/200523-Dan-otvorenih-vrata-RCK-RB2-300x199.jpg 300w, https:\/\/rckrb.hr\/new2\/wp-content\/uploads\/2023\/05\/200523-Dan-otvorenih-vrata-RCK-RB2-768x511.jpg 768w, https:\/\/rckrb.hr\/new2\/wp-content\/uploads\/2023\/05\/200523-Dan-otvorenih-vrata-RCK-RB2-370x246.jpg 370w, https:\/\/rckrb.hr\/new2\/wp-content\/uploads\/2023\/05\/200523-Dan-otvorenih-vrata-RCK-RB2.jpg 1250w\" sizes=\"(max-width: 1024px) 100vw, 1024px\" \/><\/figure>\n\n\n\n<figure class=\"wp-block-image size-large\"><img loading=\"lazy\" decoding=\"async\" width=\"1024\" height=\"681\" data-id=\"903\" src=\"https:\/\/rckrb.hr\/new2\/wp-content\/uploads\/2023\/05\/200523-Dan-otvorenih-vrata-RCK-RB4-1024x681.jpg\" alt=\"\" class=\"wp-image-903\" srcset=\"https:\/\/rckrb.hr\/new2\/wp-content\/uploads\/2023\/05\/200523-Dan-otvorenih-vrata-RCK-RB4-1024x681.jpg 1024w, https:\/\/rckrb.hr\/new2\/wp-content\/uploads\/2023\/05\/200523-Dan-otvorenih-vrata-RCK-RB4-300x199.jpg 300w, https:\/\/rckrb.hr\/new2\/wp-content\/uploads\/2023\/05\/200523-Dan-otvorenih-vrata-RCK-RB4-768x511.jpg 768w, https:\/\/rckrb.hr\/new2\/wp-content\/uploads\/2023\/05\/200523-Dan-otvorenih-vrata-RCK-RB4-370x246.jpg 370w, https:\/\/rckrb.hr\/new2\/wp-content\/uploads\/2023\/05\/200523-Dan-otvorenih-vrata-RCK-RB4.jpg 1250w\" sizes=\"(max-width: 1024px) 100vw, 1024px\" \/><\/figure>\n<\/figure>\n\n\n\n<p><\/p>\n\n\n\n<p>Bitno je naglasiti kako je dodatna vrijednost projekta i planirano uspostavljanje i oja\u010davanje iznimno va\u017ene suradnje s gospodarskim sektorom kroz sustav mentoriranja u\u010denika tijekom stru\u010dne prakse, a ostvarit \u0107e se kroz \u010detiri tvrtke koje su projektni partneri. Jednaka se va\u017enost pridaje i stru\u010dnom usavr\u0161avanju odgojno-obrazovnih radnika, organiziranju i provo\u0111enju seminara i studijskih putovanja.<\/p>\n\n\n\n<p>Zavr\u0161etkom ovog projekta bit \u0107e uspostavljen Regionalni centar kompetentnosti Ru\u0111era Bo\u0161kovi\u0107a, nabavljena specijalizirana oprema, razvijeni novi strukovni kurikulumi, a nastavnici i stru\u010dni suradnici bit \u0107e\u00a0stru\u010dno osposobljeni jer \u0107e ste\u0107i vje\u0161tine i znanja kako bi i\u0161li ukorak s najnovijim dostignu\u0107ima u svojim strukama.<\/p>\n\n\n\n<p>Koncept Regionalnog centra kompetentnosti Ru\u0111era Bo\u0161kovi\u0107a bit \u0107e prvi ogledni primjer povezivanja strukovnog obrazovanja s industrijskim okru\u017eenjem u cijeloj Hrvatskoj te u ovom dijelu jugoisto\u010dne Europe i \u0161ire.<\/p>\n\n\n\n<p>Ukupna vrijednost projekta: 6.570.933,42 EUR u potpunosti sufinancirano od bespovratnih sredstava, a razdoblje provedbe projekta: od 29.3.2020. do 29.12.2023.<\/p>\n","protected":false},"excerpt":{"rendered":"<p>U subotu, 20. svibnja 2023. godine, Regionalni centar kompetentnosti Ru\u0111era Bo\u0161kovi\u0107a organizirao je Dan otvorenih vrata \u0161kole. Manifestacija je odr\u017eana u prostoru Tehni\u010dke \u0161kole Ru\u0111era Bo\u0161kovi\u0107a, a posjetitelji su na ovaj na\u010din imali priliku otkriti obrazovne programe \u0161kole. Zainteresirani budu\u0107i u\u010denici i njihove pratnje proveli su vrijeme otkrivaju\u0107i prakti\u010dne primjere novih tehnologija na primjeru zavr\u0161nih [&hellip;]<\/p>\n","protected":false},"author":3,"featured_media":897,"comment_status":"closed","ping_status":"closed","sticky":false,"template":"","format":"standard","meta":{"footnotes":""},"categories":[10,9],"tags":[],"class_list":["post-895","post","type-post","status-publish","format-standard","has-post-thumbnail","hentry","category-dogadaji","category-vijesti","has-thumb"],"_links":{"self":[{"href":"https:\/\/rckrb.hr\/new2\/wp-json\/wp\/v2\/posts\/895","targetHints":{"allow":["GET"]}}],"collection":[{"href":"https:\/\/rckrb.hr\/new2\/wp-json\/wp\/v2\/posts"}],"about":[{"href":"https:\/\/rckrb.hr\/new2\/wp-json\/wp\/v2\/types\/post"}],"author":[{"embeddable":true,"href":"https:\/\/rckrb.hr\/new2\/wp-json\/wp\/v2\/users\/3"}],"replies":[{"embeddable":true,"href":"https:\/\/rckrb.hr\/new2\/wp-json\/wp\/v2\/comments?post=895"}],"version-history":[{"count":5,"href":"https:\/\/rckrb.hr\/new2\/wp-json\/wp\/v2\/posts\/895\/revisions"}],"predecessor-version":[{"id":914,"href":"https:\/\/rckrb.hr\/new2\/wp-json\/wp\/v2\/posts\/895\/revisions\/914"}],"wp:featuredmedia":[{"embeddable":true,"href":"https:\/\/rckrb.hr\/new2\/wp-json\/wp\/v2\/media\/897"}],"wp:attachment":[{"href":"https:\/\/rckrb.hr\/new2\/wp-json\/wp\/v2\/media?parent=895"}],"wp:term":[{"taxonomy":"category","embeddable":true,"href":"https:\/\/rckrb.hr\/new2\/wp-json\/wp\/v2\/categories?post=895"},{"taxonomy":"post_tag","embeddable":true,"href":"https:\/\/rckrb.hr\/new2\/wp-json\/wp\/v2\/tags?post=895"}],"curies":[{"name":"wp","href":"https:\/\/api.w.org\/{rel}","templated":true}]}}