{"id":916,"date":"2023-06-12T12:54:55","date_gmt":"2023-06-12T12:54:55","guid":{"rendered":"https:\/\/rckrb.hr\/new2\/?p=916"},"modified":"2024-03-18T12:32:54","modified_gmt":"2024-03-18T12:32:54","slug":"regionalni-centar-kompetentnosti-rudera-boskovica-organizirao-je-kampanju-na-otvorenom","status":"publish","type":"post","link":"https:\/\/rckrb.hr\/new2\/regionalni-centar-kompetentnosti-rudera-boskovica-organizirao-je-kampanju-na-otvorenom\/","title":{"rendered":"Regionalni centar kompetentnosti Ru\u0111era Bo\u0161kovi\u0107a organizirao je Kampanju na otvorenom"},"content":{"rendered":"\n<p>U subotu, 10. lipnja 2023. godine Regionalni centar kompetentnosti Ru\u0111era Bo\u0161kovi\u0107a, Zagreb organizirao je<em> <strong>Kampanju na otvorenom. <\/strong><\/em><\/p>\n\n\n\n<p>Manifestacija je odr\u017eana na otvorenom prostoru Tehni\u010dke \u0161kole Ru\u0111era Bo\u0161kovi\u0107a. Cilj je bio da u\u010denici iz zagreba\u010dkih osnovnih \u0161kola posjete \u0161kolu te se lak\u0161e odlu\u010de za upis u srednju. Tom prigodom, na otvorenom prostoru ispred \u0161kole bili su postavljeni \u0161tandovi s u\u010deni\u010dkim radovima, reklamnim materijalima Centra i projektnih partnera<em>.<\/em><\/p>\n\n\n\n<p><em>Bila je to dobra prigoda se se upoznamo s tijekom projekta. S tim u vezi voditelj projekta Ervin Palanovi\u0107 istaknuo je: \u201cGotovo sve javne nabave su odra\u0111ene, osim nabave koja je vezana uz nabavku digitalnih materijala u podru\u010dju industrijske automatizacije. \u0160to se pak ti\u010de izrade kurikuluma svi standardi zanimanja koje smo zacrtali su izra\u0111eni i priznati. Rije\u010d je o; tehni\u010dar za digitalne proizvodne sustave, specijalist za digitalne proizvodne sustave, specijalist za napredno upravljanje zgradama i specijalist za energetski u\u010dinkovite sustave. Priznati su i standardi kvalifikacija osim specijalist za digitalne proizvodne sustave. Ostala je jo\u0161 isporuka velikog dijela opreme. Tako\u0111er, \u010deka se dio opreme za opremanje laboratorija u novoj zgradi. Rije\u010d je o didakti\u010dkoj pametnoj tvornici po principu industrije 4.0\u201d, naglasio je <strong>Ervin Palanovi\u0107<\/strong>.<\/em><\/p>\n\n\n\n<p><\/p>\n\n\n\n<figure class=\"wp-block-gallery has-nested-images columns-default is-cropped wp-block-gallery-1 is-layout-flex wp-block-gallery-is-layout-flex\">\n<figure class=\"wp-block-image size-large\"><img fetchpriority=\"high\" decoding=\"async\" width=\"800\" height=\"578\" data-id=\"917\" src=\"https:\/\/rckrb.hr\/new2\/wp-content\/uploads\/2023\/06\/Ervin-Palanovic.png\" alt=\"\" class=\"wp-image-917\" srcset=\"https:\/\/rckrb.hr\/new2\/wp-content\/uploads\/2023\/06\/Ervin-Palanovic.png 800w, https:\/\/rckrb.hr\/new2\/wp-content\/uploads\/2023\/06\/Ervin-Palanovic-300x217.png 300w, https:\/\/rckrb.hr\/new2\/wp-content\/uploads\/2023\/06\/Ervin-Palanovic-768x555.png 768w, https:\/\/rckrb.hr\/new2\/wp-content\/uploads\/2023\/06\/Ervin-Palanovic-370x267.png 370w\" sizes=\"(max-width: 800px) 100vw, 800px\" \/><\/figure>\n<figcaption class=\"blocks-gallery-caption\"><br><\/figcaption><\/figure>\n\n\n\n<p>Tijekom manifestacije, ravnateljica Tehni\u010dke \u0161kole Ru\u0111era Bo\u0161kovi\u0107a, \u0110ur\u0111ica Fu\u0161tar istaknula je:<em> &#8220;Posjetitelji su obi\u0161li vanjski prostor&nbsp;gdje su u okviru uspostave Regionalnog centra kompetentnosti Ru\u0111era Bo\u0161kovi\u0107a na 30 \u0161tandova odr\u017eane zanimljive prezentacije, razne igre, a mogli su se vidjeti i dronovi. Budu\u0107e u\u010denike i njihove roditelje\/skrbnike na vanjskom prostoru ispred \u0161kole do\u010dekali su nastavnici i stru\u010dni suradnici, koji su \u010dlanovi projektnog tima Regionalnog centra kompetentnosti, ali i u\u010denici koji sudjeluju u projektu i imaju ne\u0161to zanimljivo&nbsp;prezentirati. Ove \u0107e godine \u0161kola primiti&nbsp;242 nova u\u010denika u 10 razreda.\u201c, <\/em>istaknula je <strong>\u0110ur\u0111ica Fu\u0161tar<\/strong>.<\/p>\n\n\n\n<p>Dodatna vrijednost projekta jest i planirano uspostavljanje i oja\u010davanje iznimno va\u017ene suradnje s gospodarskim sektorom kroz sustav mentoriranja u\u010denika tijekom stru\u010dne prakse, a ostvarit \u0107e se kroz \u010detiri tvrtke koje su projektni partneri.<br>Jednaka se va\u017enost pridaje i stru\u010dnom usavr\u0161avanju odgojno-obrazovnih radnika, organiziranju i provo\u0111enju seminara i studijskih putovanja.<\/p>\n\n\n\n<p><\/p>\n\n\n\n<figure class=\"wp-block-gallery has-nested-images columns-default is-cropped wp-block-gallery-2 is-layout-flex wp-block-gallery-is-layout-flex\">\n<figure class=\"wp-block-image size-large\"><img decoding=\"async\" width=\"800\" height=\"592\" data-id=\"929\" src=\"https:\/\/rckrb.hr\/new2\/wp-content\/uploads\/2023\/06\/Kampanja-na-otvorenom-2.png\" alt=\"\" class=\"wp-image-929\" srcset=\"https:\/\/rckrb.hr\/new2\/wp-content\/uploads\/2023\/06\/Kampanja-na-otvorenom-2.png 800w, https:\/\/rckrb.hr\/new2\/wp-content\/uploads\/2023\/06\/Kampanja-na-otvorenom-2-300x222.png 300w, https:\/\/rckrb.hr\/new2\/wp-content\/uploads\/2023\/06\/Kampanja-na-otvorenom-2-768x568.png 768w, https:\/\/rckrb.hr\/new2\/wp-content\/uploads\/2023\/06\/Kampanja-na-otvorenom-2-370x274.png 370w, https:\/\/rckrb.hr\/new2\/wp-content\/uploads\/2023\/06\/Kampanja-na-otvorenom-2-170x125.png 170w, https:\/\/rckrb.hr\/new2\/wp-content\/uploads\/2023\/06\/Kampanja-na-otvorenom-2-270x200.png 270w\" sizes=\"(max-width: 800px) 100vw, 800px\" \/><\/figure>\n\n\n\n<figure class=\"wp-block-image size-large\"><img decoding=\"async\" width=\"800\" height=\"595\" data-id=\"926\" src=\"https:\/\/rckrb.hr\/new2\/wp-content\/uploads\/2023\/06\/Kampanja-na-otvorenom1-2.png\" alt=\"\" class=\"wp-image-926\" srcset=\"https:\/\/rckrb.hr\/new2\/wp-content\/uploads\/2023\/06\/Kampanja-na-otvorenom1-2.png 800w, https:\/\/rckrb.hr\/new2\/wp-content\/uploads\/2023\/06\/Kampanja-na-otvorenom1-2-300x223.png 300w, https:\/\/rckrb.hr\/new2\/wp-content\/uploads\/2023\/06\/Kampanja-na-otvorenom1-2-768x571.png 768w, https:\/\/rckrb.hr\/new2\/wp-content\/uploads\/2023\/06\/Kampanja-na-otvorenom1-2-370x275.png 370w, https:\/\/rckrb.hr\/new2\/wp-content\/uploads\/2023\/06\/Kampanja-na-otvorenom1-2-170x125.png 170w, https:\/\/rckrb.hr\/new2\/wp-content\/uploads\/2023\/06\/Kampanja-na-otvorenom1-2-270x200.png 270w\" sizes=\"(max-width: 800px) 100vw, 800px\" \/><\/figure>\n\n\n\n<figure class=\"wp-block-image size-large\"><img loading=\"lazy\" decoding=\"async\" width=\"800\" height=\"608\" data-id=\"927\" src=\"https:\/\/rckrb.hr\/new2\/wp-content\/uploads\/2023\/06\/Kampanja-na-otvorenom2-2.png\" alt=\"\" class=\"wp-image-927\" srcset=\"https:\/\/rckrb.hr\/new2\/wp-content\/uploads\/2023\/06\/Kampanja-na-otvorenom2-2.png 800w, https:\/\/rckrb.hr\/new2\/wp-content\/uploads\/2023\/06\/Kampanja-na-otvorenom2-2-300x228.png 300w, https:\/\/rckrb.hr\/new2\/wp-content\/uploads\/2023\/06\/Kampanja-na-otvorenom2-2-768x584.png 768w, https:\/\/rckrb.hr\/new2\/wp-content\/uploads\/2023\/06\/Kampanja-na-otvorenom2-2-370x281.png 370w\" sizes=\"(max-width: 800px) 100vw, 800px\" \/><\/figure>\n<\/figure>\n\n\n\n<p><\/p>\n\n\n\n<p>Na kraju projekta bit \u0107e uspostavljen Regionalni centar kompetentnosti Ru\u0111era Bo\u0161kovi\u0107a, nabavljena specijalizirana oprema, razvijeni novi strukovni kurikulumi, a nastavnici i stru\u010dni suradnici bit \u0107e\u00a0stru\u010dno osposobljeni jer \u0107e ste\u0107i vje\u0161tine i znanja kako bi i\u0161li ukorak s najnovijim dostignu\u0107ima u svojim strukama.Koncept Regionalnog centra kompetentnosti Ru\u0111era Bo\u0161kovi\u0107a bit \u0107e prvi ogledni primjer povezivanja strukovnog obrazovanja s industrijskim okru\u017eenjem u cijeloj Hrvatskoj te u ovom dijelu jugoisto\u010dne Europe i \u0161ire. U projekt RCK Ru\u0111era Bo\u0161kovi\u0107a uklju\u010deno je 10 partnerskih organizacija (Elektrotehni\u010dka \u0161kola, I. tehni\u010dka \u0161kola Tesla, Fakultet strojarstva i brodogradnje, Visoko u\u010dili\u0161te Algebra, Klimaoprema d.d., Kra\u0161 d.d., Franck d.d., Puri\u0107 d.o.o., Grad Zagreb i Projekt jednako razvoj d.o.o.).<\/p>\n\n\n\n<p>Projektom \u0107e biti uspostavljen Regionalni centar kompetentnosti u podru\u010dju elektrotehnike i ra\u010dunalstva.\u00a0Sastoji se od\u00a06 osnovnih elemenata te niza podaktivnosti.<br>Od uspostave samog centra, preko razvoja novih strukovnih programa i programa obrazovanja odraslih, nabave specijalizirane opreme, provo\u0111enja stru\u010dne prakse, stru\u010dnog usavr\u0161avanja nastavnika do promocije centra.<em><br><\/em><\/p>\n\n\n\n<p>Nove tehnologije u RCK-u unaprijedit \u0107e procese i na\u010dine u\u010denja, razviti postoje\u0107a i stvarati nova ciljana znanja i vje\u0161tine, odgovoriti na izazove svijeta rada te stvoriti stvarnu i neraskidivu povezanost Centra s industrijskim okru\u017eenjem.<br>RCK \u0107e u prvom petogodi\u0161njem razdoblju postati ogledni primjer izvrsnosti inovativnih modela u edukaciji temeljenoj na radu za ostale regije u Hrvatskoj te u ovom dijelu jugoisto\u010dne Europe i \u0161ire.<\/p>\n\n\n\n<p>Regionalni centar kompetentnosti Ru\u0111era Bo\u0161kovi\u0107a \u0107e dugoro\u010dno prenositi nove ideje u industriju i aktivno sudjelovati u implementaciji \u201eIndustrije 4.0\u201c u proizvodnim tvrtkama, implementaciji pametnog nadzora i upravljanju energijom te uporabe obnovljivih izvora energije.<\/p>\n\n\n\n<p>Ukupna vrijednost projekta: 6.570.933,42 EUR u potpunosti sufinancirano od bespovratnih sredstava, a razdoblje provedbe projekta: od 29.3.2020. do 29.12.2023.<\/p>\n\n\n\n<p><a href=\"https:\/\/www.facebook.com\/sharer\/sharer.php?u=https%3A%2F%2Frckrb.hr%2Fnew2%2F2023%2F05%2F22%2Fregionalni-centar-kompetentnosti-rudera-boskovica-organizirao-je-dan-otvorenih-vrata-skole%2F&amp;t=Regionalni+centar+kompetentnosti+Ru%C4%91era+Bo%C5%A1kovi%C4%87a+organizirao+je+Dan+otvorenih+vrata+%C5%A1kole\" target=\"_blank\" rel=\"noreferrer noopener\"><\/a><\/p>\n\n\n\n<p><em><br><br><\/em><\/p>\n","protected":false},"excerpt":{"rendered":"<p>U subotu, 10. lipnja 2023. godine Regionalni centar kompetentnosti Ru\u0111era Bo\u0161kovi\u0107a, Zagreb organizirao je Kampanju na otvorenom. Manifestacija je odr\u017eana na otvorenom prostoru Tehni\u010dke \u0161kole Ru\u0111era Bo\u0161kovi\u0107a. Cilj je bio da u\u010denici iz zagreba\u010dkih osnovnih \u0161kola posjete \u0161kolu te se lak\u0161e odlu\u010de za upis u srednju. Tom prigodom, na otvorenom prostoru ispred \u0161kole bili su [&hellip;]<\/p>\n","protected":false},"author":3,"featured_media":918,"comment_status":"closed","ping_status":"closed","sticky":false,"template":"","format":"standard","meta":{"footnotes":""},"categories":[10,9],"tags":[],"class_list":["post-916","post","type-post","status-publish","format-standard","has-post-thumbnail","hentry","category-dogadaji","category-vijesti","has-thumb"],"_links":{"self":[{"href":"https:\/\/rckrb.hr\/new2\/wp-json\/wp\/v2\/posts\/916","targetHints":{"allow":["GET"]}}],"collection":[{"href":"https:\/\/rckrb.hr\/new2\/wp-json\/wp\/v2\/posts"}],"about":[{"href":"https:\/\/rckrb.hr\/new2\/wp-json\/wp\/v2\/types\/post"}],"author":[{"embeddable":true,"href":"https:\/\/rckrb.hr\/new2\/wp-json\/wp\/v2\/users\/3"}],"replies":[{"embeddable":true,"href":"https:\/\/rckrb.hr\/new2\/wp-json\/wp\/v2\/comments?post=916"}],"version-history":[{"count":2,"href":"https:\/\/rckrb.hr\/new2\/wp-json\/wp\/v2\/posts\/916\/revisions"}],"predecessor-version":[{"id":932,"href":"https:\/\/rckrb.hr\/new2\/wp-json\/wp\/v2\/posts\/916\/revisions\/932"}],"wp:featuredmedia":[{"embeddable":true,"href":"https:\/\/rckrb.hr\/new2\/wp-json\/wp\/v2\/media\/918"}],"wp:attachment":[{"href":"https:\/\/rckrb.hr\/new2\/wp-json\/wp\/v2\/media?parent=916"}],"wp:term":[{"taxonomy":"category","embeddable":true,"href":"https:\/\/rckrb.hr\/new2\/wp-json\/wp\/v2\/categories?post=916"},{"taxonomy":"post_tag","embeddable":true,"href":"https:\/\/rckrb.hr\/new2\/wp-json\/wp\/v2\/tags?post=916"}],"curies":[{"name":"wp","href":"https:\/\/api.w.org\/{rel}","templated":true}]}}