{"id":934,"date":"2023-09-26T13:08:35","date_gmt":"2023-09-26T13:08:35","guid":{"rendered":"https:\/\/rckrb.hr\/new2\/?p=934"},"modified":"2024-03-18T12:32:54","modified_gmt":"2024-03-18T12:32:54","slug":"rck-rudera-boskovica-organizira-specijalizirani-sajam-i-skolski-dan","status":"publish","type":"post","link":"https:\/\/rckrb.hr\/new2\/rck-rudera-boskovica-organizira-specijalizirani-sajam-i-skolski-dan\/","title":{"rendered":"RCK Ru\u0111era Bo\u0161kovi\u0107a organizira Specijalizirani sajam i \u0161kolski dan"},"content":{"rendered":"\n<p>Regionalni centar kompetentnosti Ru\u0111era Bo\u0161kovi\u0107a rujan, prvi mjesec nove \u0161kolske godine, koristi za aktivnu promociju strukovnih zanimanja.<\/p>\n\n\n\n<p><strong>U \u010detvrtak, 28.09., na Zagreba\u010dkom velesajmu<\/strong> RCK Ru\u0111era Bo\u0161kovi\u0107a organizira Specijalizirani sajam RCK i \u0161kolski dan u okviru kojeg \u0107e biti odr\u017eana konferencija pod nazivom\u00a0<strong>\u201dBudu\u0107nost strukovnih zanimanja \u2013 Digitalizacija industrije i dru\u0161tva\u201c.<\/strong><\/p>\n\n\n\n<p>Sajam \u0107e se odr\u017eati&nbsp;<strong>u dvorani Cres u Kongresnom centru&nbsp;<\/strong>Zagreba\u010dkog velesajma i okupit \u0107e 30-tak partnerskih \u0161kola i znanstvenih institucija<strong>.<\/strong><\/p>\n\n\n\n<p>Ovo doga\u0111anje samo je dio aktivnosti koje RCK Ru\u0111era Bo\u0161kovi\u0107a provodi tijekom cijele godine kako bi kod potencijalnih u\u010denika i njihovih roditelja, ali i kod \u0161ire javnosti, pove\u0107ali interes za strukovna zanimanja.<\/p>\n\n\n\n<p>Obrazovanje treba prilagoditi potrebama tr\u017ei\u0161ta rada kako bi u\u010denici nakon zavr\u0161etka \u0161kolovanja bili konkurentni, nagla\u0161avaju u ovoj \u0161koli te dodaju da istovremeno u\u010denicima treba ponuditi mogu\u0107nost da daju svoj doprinos u stvaranju odr\u017eive budu\u0107nosti.<\/p>\n\n\n\n<p><strong>Koncept RCK Ru\u0111era Bo\u0161kovi\u0107a bit \u0107e prvi ogledni i pokazni primjer povezivanja strukovnog obrazovanja s industrijskim okru\u017eenjem u cijeloj Hrvatskoj te u ovom dijelu jugoisto\u010dne Europe i \u0161ire.<\/strong>\u00a0Dugoro\u010dno \u0107e prenositi nove ideje u industriju te aktivno sudjelovati u implementaciji \u201eIndustrije 4.0\u201c u proizvodnim tvrtkama, implementaciji pametnog nadzora i upravljanjem energijom, kao i implementaciji uporabe obnovljivih izvora energije.<\/p>\n\n\n\n<p>Projektom kojeg \u0161kola provodi bit \u0107e uspostavljen Regionalni centar kompetentnosti u podru\u010dju elektrotehnike i ra\u010dunalstva. Sastoji se od \u0161est osnovnih elementa te niz podaktivnosti, a u njega je uklju\u010deno 10 partnerskih organizacija.<\/p>\n\n\n\n<p>Projekt je sufinancirala Europska unija iz Europskog socijalnog fonda. Ukupna vrijednost projekta: 6.570.933,42 eura (100% sufinancira EU). Razdoblje provedbe projekta: od 29.3.2020. do 29.12.2023.<\/p>\n\n\n\n<p><\/p>\n\n\n\n<figure class=\"wp-block-gallery has-nested-images columns-default is-cropped wp-block-gallery-1 is-layout-flex wp-block-gallery-is-layout-flex\">\n<figure class=\"wp-block-image size-large\"><img fetchpriority=\"high\" decoding=\"async\" width=\"768\" height=\"511\" data-id=\"941\" src=\"https:\/\/rckrb.hr\/new2\/wp-content\/uploads\/2023\/09\/RCK-RB-industrija-4.0-768x511-2.jpg\" alt=\"\" class=\"wp-image-941\" srcset=\"https:\/\/rckrb.hr\/new2\/wp-content\/uploads\/2023\/09\/RCK-RB-industrija-4.0-768x511-2.jpg 768w, https:\/\/rckrb.hr\/new2\/wp-content\/uploads\/2023\/09\/RCK-RB-industrija-4.0-768x511-2-300x200.jpg 300w, https:\/\/rckrb.hr\/new2\/wp-content\/uploads\/2023\/09\/RCK-RB-industrija-4.0-768x511-2-370x246.jpg 370w\" sizes=\"(max-width: 768px) 100vw, 768px\" \/><\/figure>\n\n\n\n<figure class=\"wp-block-image size-large\"><img decoding=\"async\" width=\"768\" height=\"511\" data-id=\"939\" src=\"https:\/\/rckrb.hr\/new2\/wp-content\/uploads\/2023\/09\/RCK-RB-predavanje-768x511-2.jpg\" alt=\"\" class=\"wp-image-939\" srcset=\"https:\/\/rckrb.hr\/new2\/wp-content\/uploads\/2023\/09\/RCK-RB-predavanje-768x511-2.jpg 768w, https:\/\/rckrb.hr\/new2\/wp-content\/uploads\/2023\/09\/RCK-RB-predavanje-768x511-2-300x200.jpg 300w, https:\/\/rckrb.hr\/new2\/wp-content\/uploads\/2023\/09\/RCK-RB-predavanje-768x511-2-370x246.jpg 370w\" sizes=\"(max-width: 768px) 100vw, 768px\" \/><\/figure>\n\n\n\n<figure class=\"wp-block-image size-large\"><img decoding=\"async\" width=\"768\" height=\"511\" data-id=\"940\" src=\"https:\/\/rckrb.hr\/new2\/wp-content\/uploads\/2023\/09\/RCK-RB-Specijalizirani-sajam-768x511-3.jpg\" alt=\"\" class=\"wp-image-940\" srcset=\"https:\/\/rckrb.hr\/new2\/wp-content\/uploads\/2023\/09\/RCK-RB-Specijalizirani-sajam-768x511-3.jpg 768w, https:\/\/rckrb.hr\/new2\/wp-content\/uploads\/2023\/09\/RCK-RB-Specijalizirani-sajam-768x511-3-300x200.jpg 300w, https:\/\/rckrb.hr\/new2\/wp-content\/uploads\/2023\/09\/RCK-RB-Specijalizirani-sajam-768x511-3-370x246.jpg 370w\" sizes=\"(max-width: 768px) 100vw, 768px\" \/><\/figure>\n<\/figure>\n","protected":false},"excerpt":{"rendered":"<p>Regionalni centar kompetentnosti Ru\u0111era Bo\u0161kovi\u0107a rujan, prvi mjesec nove \u0161kolske godine, koristi za aktivnu promociju strukovnih zanimanja. U \u010detvrtak, 28.09., na Zagreba\u010dkom velesajmu RCK Ru\u0111era Bo\u0161kovi\u0107a organizira Specijalizirani sajam RCK i \u0161kolski dan u okviru kojeg \u0107e biti odr\u017eana konferencija pod nazivom\u00a0\u201dBudu\u0107nost strukovnih zanimanja \u2013 Digitalizacija industrije i dru\u0161tva\u201c. Sajam \u0107e se odr\u017eati&nbsp;u dvorani Cres [&hellip;]<\/p>\n","protected":false},"author":3,"featured_media":942,"comment_status":"closed","ping_status":"closed","sticky":false,"template":"","format":"standard","meta":{"footnotes":""},"categories":[10,9],"tags":[],"class_list":["post-934","post","type-post","status-publish","format-standard","has-post-thumbnail","hentry","category-dogadaji","category-vijesti","has-thumb"],"_links":{"self":[{"href":"https:\/\/rckrb.hr\/new2\/wp-json\/wp\/v2\/posts\/934","targetHints":{"allow":["GET"]}}],"collection":[{"href":"https:\/\/rckrb.hr\/new2\/wp-json\/wp\/v2\/posts"}],"about":[{"href":"https:\/\/rckrb.hr\/new2\/wp-json\/wp\/v2\/types\/post"}],"author":[{"embeddable":true,"href":"https:\/\/rckrb.hr\/new2\/wp-json\/wp\/v2\/users\/3"}],"replies":[{"embeddable":true,"href":"https:\/\/rckrb.hr\/new2\/wp-json\/wp\/v2\/comments?post=934"}],"version-history":[{"count":1,"href":"https:\/\/rckrb.hr\/new2\/wp-json\/wp\/v2\/posts\/934\/revisions"}],"predecessor-version":[{"id":943,"href":"https:\/\/rckrb.hr\/new2\/wp-json\/wp\/v2\/posts\/934\/revisions\/943"}],"wp:featuredmedia":[{"embeddable":true,"href":"https:\/\/rckrb.hr\/new2\/wp-json\/wp\/v2\/media\/942"}],"wp:attachment":[{"href":"https:\/\/rckrb.hr\/new2\/wp-json\/wp\/v2\/media?parent=934"}],"wp:term":[{"taxonomy":"category","embeddable":true,"href":"https:\/\/rckrb.hr\/new2\/wp-json\/wp\/v2\/categories?post=934"},{"taxonomy":"post_tag","embeddable":true,"href":"https:\/\/rckrb.hr\/new2\/wp-json\/wp\/v2\/tags?post=934"}],"curies":[{"name":"wp","href":"https:\/\/api.w.org\/{rel}","templated":true}]}}