{"id":944,"date":"2023-09-29T13:41:52","date_gmt":"2023-09-29T13:41:52","guid":{"rendered":"https:\/\/rckrb.hr\/new2\/?p=944"},"modified":"2024-03-18T12:32:54","modified_gmt":"2024-03-18T12:32:54","slug":"na-zagrebackom-velesajmu-odrzan-je-specijalizirani-sajam","status":"publish","type":"post","link":"https:\/\/rckrb.hr\/new2\/na-zagrebackom-velesajmu-odrzan-je-specijalizirani-sajam\/","title":{"rendered":"Na Zagreba\u010dkom velesajmu odr\u017ean je Specijalizirani sajam"},"content":{"rendered":"\n<p>U \u010detvrtak, 28. rujna 2023. godine, Regionalni centar kompetentnosti Ru\u0111era Bo\u0161kovi\u0107a organizirao je\u00a0<strong>Specijalizirani sajam RCK\u00a0i<\/strong>\u00a0<strong>\u0161kolski dan \u2013 promocija strukovnih zanimanja na Zagreba\u010dkom Velesajmu.<\/strong><\/p>\n\n\n\n<p>Kao izlaga\u010di na specijaliziranom sajmu predstavili su se partneri i suradnici u projektu.<\/p>\n\n\n\n<p>Cilj \u0161kolskog dana bila je popularizacija strukovnih zanimanja, povezivanje poslodavaca, partnera, polaznika, budu\u0107ih polaznika i svih zainteresiranih te njihova interakcija.<br>Tijekom sajma odr\u017eana je i konferencija pod nazivom \u201c<strong>Budu\u0107nost strukovnih zanimanja \u2013 Digitalizacija industrije i dru\u0161tva\u201d.<\/strong><\/p>\n\n\n\n<p>Tijekom konferencije je istaknuto kako se u\u010denicima nastoji ponuditi strukovni kurikulum koji \u0107e pratiti potrebe modernog tr\u017ei\u0161ta i omogu\u0107iti praksu kod najboljih poslodavaca.<\/p>\n\n\n\n<p>Ovo doga\u0111anje samo je dio aktivnosti koje RCK Ru\u0111era Bo\u0161kovi\u0107a provodi tijekom cijele godine kako bi kod potencijalnih budu\u0107ih u\u010denika i njihovih roditelja, ali i kod \u0161ire javnosti, pove\u0107ali interes za strukovna zanimanja.<br>Od posebne je va\u017enosti da u\u010denici dobro \u201eispeku zanat\u201c, tj. da teorijska znanja koja usvajaju kroz gradivo koje u\u010de u strukovnim \u0161kolama mogu nadograditi vje\u0161tinom koju stje\u010du na praksi u raznim tvrtkama.<\/p>\n\n\n\n<p>RCK Ru\u0111era Bo\u0161kovi\u0107a svojim prisustvom na razli\u010ditim sajmovima, konferencijama ili stru\u010dnim skupovima, predstavlja tr\u017ei\u0161tu i poduzetnicima svoje strukovne kurikulume i potencijal strukovnih zanimanja kako bi ih potaknuo da se \u0161to aktivnije uklju\u010de u obrazovni sustav i prepoznaju va\u017enost stipendiranja te kako bi na taj na\u010din u svoje tvrtke privukli u\u010denike koji \u0107e u budu\u0107nosti biti njihovi zaposlenici.<\/p>\n\n\n\n<p>Obrazovanje treba prilagoditi potrebama svijeta rada kako bi u\u010denici nakon zavr\u0161etka \u0161kolovanja bili konkurentni, nagla\u0161avaju u ovoj \u0161koli te dodaju da u\u010denicima istovremeno treba ponuditi mogu\u0107nost davanja doprinosa u stvaranju odr\u017eive budu\u0107nosti.<\/p>\n\n\n\n<p>Koncept RCK Ru\u0111era Bo\u0161kovi\u0107a bit \u0107e prvi ogledni primjer povezivanja strukovnog obrazovanja s industrijskim okru\u017eenjem u cijeloj Hrvatskoj, ali i u ovom dijelu Europe i \u0161ire.<br>Dugoro\u010dno \u0107e prenositi nove ideje u industriju te aktivno sudjelovati u implementaciji \u201eIndustrije 4.0\u201c u proizvodnim tvrtkama, pametnog nadzora i upravljanju energijom te uporabe obnovljivih izvora energije.<\/p>\n\n\n\n<p>Projektom kojeg \u0161kola provodi bit \u0107e uspostavljen Regionalni centar kompetentnosti u obrazovnom sektoru Elektrotehnika i ra\u010dunalstvo. Sastoji se od \u0161est osnovnih elementa te niza podaktivnosti, a u njega je uklju\u010deno 10 partnerskih organizacija.<\/p>\n\n\n\n<p>Projekt je sufinancirala Europska unija iz Europskog socijalnog fonda. Ukupna vrijednost projekta: 6.570.933,42 eura (100% sufinancira EU). Razdoblje provedbe projekta: od 29. o\u017eujka 2020. do 29. prosinca 2023. godine.<\/p>\n\n\n\n<p><\/p>\n\n\n\n<div class=\"wp-block-group\"><div class=\"wp-block-group__inner-container is-layout-flow wp-block-group-is-layout-flow\">\n<div class=\"wp-block-columns is-layout-flex wp-container-core-columns-is-layout-9d6595d7 wp-block-columns-is-layout-flex\">\n<div class=\"wp-block-column is-layout-flow wp-block-column-is-layout-flow\" style=\"flex-basis:100%\">\n<figure class=\"wp-block-gallery has-nested-images columns-default is-cropped wp-block-gallery-1 is-layout-flex wp-block-gallery-is-layout-flex\">\n<figure class=\"wp-block-image size-large\"><img fetchpriority=\"high\" decoding=\"async\" width=\"768\" height=\"885\" data-id=\"960\" src=\"https:\/\/rckrb.hr\/new2\/wp-content\/uploads\/2023\/09\/Panel-280923-768x1024_odrezano.jpg\" alt=\"\" class=\"wp-image-960\" srcset=\"https:\/\/rckrb.hr\/new2\/wp-content\/uploads\/2023\/09\/Panel-280923-768x1024_odrezano.jpg 768w, https:\/\/rckrb.hr\/new2\/wp-content\/uploads\/2023\/09\/Panel-280923-768x1024_odrezano-260x300.jpg 260w, https:\/\/rckrb.hr\/new2\/wp-content\/uploads\/2023\/09\/Panel-280923-768x1024_odrezano-370x426.jpg 370w\" sizes=\"(max-width: 768px) 100vw, 768px\" \/><\/figure>\n\n\n\n<figure class=\"wp-block-image size-large\"><img decoding=\"async\" width=\"768\" height=\"866\" data-id=\"962\" src=\"https:\/\/rckrb.hr\/new2\/wp-content\/uploads\/2023\/09\/Panel1-280923-768x1024_odrezano.jpg\" alt=\"\" class=\"wp-image-962\" srcset=\"https:\/\/rckrb.hr\/new2\/wp-content\/uploads\/2023\/09\/Panel1-280923-768x1024_odrezano.jpg 768w, https:\/\/rckrb.hr\/new2\/wp-content\/uploads\/2023\/09\/Panel1-280923-768x1024_odrezano-266x300.jpg 266w, https:\/\/rckrb.hr\/new2\/wp-content\/uploads\/2023\/09\/Panel1-280923-768x1024_odrezano-370x417.jpg 370w\" sizes=\"(max-width: 768px) 100vw, 768px\" \/><\/figure>\n\n\n\n<figure class=\"wp-block-image size-large\"><img decoding=\"async\" width=\"768\" height=\"758\" data-id=\"963\" src=\"https:\/\/rckrb.hr\/new2\/wp-content\/uploads\/2023\/09\/Specijalizirani-sajam-RCK-RB1_odrezano-1.jpg\" alt=\"\" class=\"wp-image-963\" srcset=\"https:\/\/rckrb.hr\/new2\/wp-content\/uploads\/2023\/09\/Specijalizirani-sajam-RCK-RB1_odrezano-1.jpg 768w, https:\/\/rckrb.hr\/new2\/wp-content\/uploads\/2023\/09\/Specijalizirani-sajam-RCK-RB1_odrezano-1-300x296.jpg 300w, https:\/\/rckrb.hr\/new2\/wp-content\/uploads\/2023\/09\/Specijalizirani-sajam-RCK-RB1_odrezano-1-370x365.jpg 370w\" sizes=\"(max-width: 768px) 100vw, 768px\" \/><\/figure>\n\n\n\n<figure class=\"wp-block-image size-large\"><img loading=\"lazy\" decoding=\"async\" width=\"977\" height=\"1024\" data-id=\"961\" src=\"https:\/\/rckrb.hr\/new2\/wp-content\/uploads\/2023\/09\/Specijalizirani-sajam-RCK-RB-280923_odrezano-2-977x1024.jpg\" alt=\"\" class=\"wp-image-961\" srcset=\"https:\/\/rckrb.hr\/new2\/wp-content\/uploads\/2023\/09\/Specijalizirani-sajam-RCK-RB-280923_odrezano-2-977x1024.jpg 977w, https:\/\/rckrb.hr\/new2\/wp-content\/uploads\/2023\/09\/Specijalizirani-sajam-RCK-RB-280923_odrezano-2-286x300.jpg 286w, https:\/\/rckrb.hr\/new2\/wp-content\/uploads\/2023\/09\/Specijalizirani-sajam-RCK-RB-280923_odrezano-2-768x805.jpg 768w, https:\/\/rckrb.hr\/new2\/wp-content\/uploads\/2023\/09\/Specijalizirani-sajam-RCK-RB-280923_odrezano-2-370x388.jpg 370w, https:\/\/rckrb.hr\/new2\/wp-content\/uploads\/2023\/09\/Specijalizirani-sajam-RCK-RB-280923_odrezano-2.jpg 1400w\" sizes=\"(max-width: 977px) 100vw, 977px\" \/><\/figure>\n<\/figure>\n<\/div>\n<\/div>\n<\/div><\/div>\n","protected":false},"excerpt":{"rendered":"<p>U \u010detvrtak, 28. rujna 2023. godine, Regionalni centar kompetentnosti Ru\u0111era Bo\u0161kovi\u0107a organizirao je\u00a0Specijalizirani sajam RCK\u00a0i\u00a0\u0161kolski dan \u2013 promocija strukovnih zanimanja na Zagreba\u010dkom Velesajmu. Kao izlaga\u010di na specijaliziranom sajmu predstavili su se partneri i suradnici u projektu. Cilj \u0161kolskog dana bila je popularizacija strukovnih zanimanja, povezivanje poslodavaca, partnera, polaznika, budu\u0107ih polaznika i svih zainteresiranih te njihova [&hellip;]<\/p>\n","protected":false},"author":3,"featured_media":953,"comment_status":"closed","ping_status":"closed","sticky":false,"template":"","format":"standard","meta":{"footnotes":""},"categories":[10,9],"tags":[],"class_list":["post-944","post","type-post","status-publish","format-standard","has-post-thumbnail","hentry","category-dogadaji","category-vijesti","has-thumb"],"_links":{"self":[{"href":"https:\/\/rckrb.hr\/new2\/wp-json\/wp\/v2\/posts\/944","targetHints":{"allow":["GET"]}}],"collection":[{"href":"https:\/\/rckrb.hr\/new2\/wp-json\/wp\/v2\/posts"}],"about":[{"href":"https:\/\/rckrb.hr\/new2\/wp-json\/wp\/v2\/types\/post"}],"author":[{"embeddable":true,"href":"https:\/\/rckrb.hr\/new2\/wp-json\/wp\/v2\/users\/3"}],"replies":[{"embeddable":true,"href":"https:\/\/rckrb.hr\/new2\/wp-json\/wp\/v2\/comments?post=944"}],"version-history":[{"count":2,"href":"https:\/\/rckrb.hr\/new2\/wp-json\/wp\/v2\/posts\/944\/revisions"}],"predecessor-version":[{"id":964,"href":"https:\/\/rckrb.hr\/new2\/wp-json\/wp\/v2\/posts\/944\/revisions\/964"}],"wp:featuredmedia":[{"embeddable":true,"href":"https:\/\/rckrb.hr\/new2\/wp-json\/wp\/v2\/media\/953"}],"wp:attachment":[{"href":"https:\/\/rckrb.hr\/new2\/wp-json\/wp\/v2\/media?parent=944"}],"wp:term":[{"taxonomy":"category","embeddable":true,"href":"https:\/\/rckrb.hr\/new2\/wp-json\/wp\/v2\/categories?post=944"},{"taxonomy":"post_tag","embeddable":true,"href":"https:\/\/rckrb.hr\/new2\/wp-json\/wp\/v2\/tags?post=944"}],"curies":[{"name":"wp","href":"https:\/\/api.w.org\/{rel}","templated":true}]}}