{"id":966,"date":"2023-11-22T09:23:00","date_gmt":"2023-11-22T09:23:00","guid":{"rendered":"https:\/\/rckrb.hr\/new2\/?p=966"},"modified":"2024-03-18T12:32:54","modified_gmt":"2024-03-18T12:32:54","slug":"najava-specijaliziranog-sajma-rck-rudera-boskovica","status":"publish","type":"post","link":"https:\/\/rckrb.hr\/new2\/najava-specijaliziranog-sajma-rck-rudera-boskovica\/","title":{"rendered":"Najava specijaliziranog sajma RCK Ru\u0111era Bo\u0161kovi\u0107a"},"content":{"rendered":"\n<p class=\"has-text-align-left\">Specijalizirani sajam RCK Ru\u0111era Bo\u0161kovi\u0107a i \u0160kolski dan odr\u017eat \u0107e se u&nbsp;<strong>prostoru Zagreba\u010dkog Velesajma<\/strong>, gdje \u0107e biti 30 izlaga\u010da, \u0161kola partnera i institucija. Sajam otvara svoja vrata u \u010detvrtak&nbsp;<strong>30. studenoga 2023. i trajat \u0107e od 10.00 do 18.00 sati.<\/strong><\/p>\n\n\n\n<p>Cilj je \u0160kolskog dana popularizacija strukovnih zanimanja, povezivanje poslodavaca, partnera, polaznika, budu\u0107ih polaznika i svih zainteresiranih te njihova interakcija. Tijekom sajma bit \u0107e odr\u017eana konferencija pod nazivom \u2018Budu\u0107nost strukovnih zanimanja \u2013 Digitalizacija industrije i dru\u0161tva.\u2019<\/p>\n\n\n\n<p>Poseban naglasak bit \u0107e stavljen na mogu\u0107nostima koje se nude novim generacijama koje \u017eele dati svoj doprinos u stvaranju odr\u017eive budu\u0107nosti i \u017eele se bolje upoznati s mogu\u0107nostima na tr\u017ei\u0161tu rada.<\/p>\n\n\n\n<p>Prelazak na Industriju 4.0 postaje sastavni dio svih na\u0161ih modernih procesa, zbog \u010dega na\u0161e obrazovanje moramo prilagoditi potrebama tr\u017ei\u0161ta rada kako bi u\u010denici nakon zavr\u0161etka \u0161kolovanja bili konkurentni.&nbsp;Regionalni centar kompetentnosti Ru\u0111era Bo\u0161kovi\u0107a, Zagreb ide prema tom cilju \u2013 osigurati kvalitetno obrazovanje za u\u010denike i kontinuirano raditi na obrazovanju na\u0161e djece kako bi bila \u0161to kvalitetnija i konkuretnija na tr\u017ei\u0161tu rada.<\/p>\n\n\n\n<p>Koncept RCK Ru\u0111era Bo\u0161kovi\u0107a bit \u0107e prvi ogledni i pokazni primjer povezivanja strukovnog obrazovanja sa industrijskim okru\u017eenjem u cijeloj Hrvatskoj, te u ovom dijelu jugoisto\u010dne Europe i \u0161ire.<\/p>\n\n\n\n<p>U projekt \u201cRCK Ru\u0111era Bo\u0161kovi\u0107a\u201d uklju\u010deno je 10 partnerskih organizacija (Elektrotehni\u010dka \u0161kola, I. Tehni\u010dka \u0161kola, Fakultet strojarstva i brodogradnje, Visoko u\u010dli\u0161te Algebra, Klimaoprema d.d., Kra\u0161 d.d., Franck d.d., Puri\u0107 d.o.o., Grad Zagreb i Projekt jednako razvoj d.o.o.). Projektom \u0107e biti uspostavljen Regionalni centar kompetentnosti u podru\u010dju elektrotehnike i ra\u010dunalstva.&nbsp; Sastoji se od&nbsp;6 osnovnih<br>elementa, te niz podaktivnosti. Od uspostave samog centra, preko razvoja novih strukovnih programa i programa obrazovanja odraslih, nabave specijalizirane opreme, provo\u0111enja stru\u010dne prakse, stru\u010dnog usavr\u0161avanja nastavnika do promocije centra.<\/p>\n\n\n\n<p>Nove tehnologije u RCK unaprijedit \u0107e procese i na\u010dine u\u010denja, razviti postoje\u0107a i stvarati nova ciljana znanja i vje\u0161tine, odgovoriti na izazove tr\u017ei\u0161ta rada, te stvoriti stvarnu, i neraskidivu povezanost Centra sa industrijskim okru\u017eenjem. RCK \u0107e u prvom petogodi\u0161njem razdoblju postati ogledni i pokazni primjer izvrsnosti inovativnih modela u edukaciji temeljenoj na radu za ostale regije u Hrvatskoj, te u ovom dijelu jugoisto\u010dne Europe i \u0161ire. RCK \u0107e dugoro\u010dno prenositi nove ideje u industriju, te aktivno sudjelovati u<br>implementaciji \u201eIndusrije 4.0\u201c u proizvodnim tvrtkama, implementaciji pametnog nadzora i upravljanjem energijom, kao i implementaciji uporabe obnovljivih izvora energije.<\/p>\n\n\n\n<p>Ukupna vrijednost projekta:&nbsp;6.570.933,42 EUR (100% sufinancira EU). Razdoblje provedbe projekta: od 29. 3. 2020. do 29. 12. 2023. <\/p>\n\n\n\n<figure class=\"wp-block-gallery has-nested-images columns-default is-cropped wp-block-gallery-1 is-layout-flex wp-block-gallery-is-layout-flex\">\n<figure class=\"wp-block-image size-large\"><img fetchpriority=\"high\" decoding=\"async\" width=\"900\" height=\"598\" data-id=\"967\" src=\"https:\/\/rckrb.hr\/new2\/wp-content\/uploads\/2023\/11\/RCK_RB_1.jpg\" alt=\"\" class=\"wp-image-967\" srcset=\"https:\/\/rckrb.hr\/new2\/wp-content\/uploads\/2023\/11\/RCK_RB_1.jpg 900w, https:\/\/rckrb.hr\/new2\/wp-content\/uploads\/2023\/11\/RCK_RB_1-300x199.jpg 300w, https:\/\/rckrb.hr\/new2\/wp-content\/uploads\/2023\/11\/RCK_RB_1-768x510.jpg 768w, https:\/\/rckrb.hr\/new2\/wp-content\/uploads\/2023\/11\/RCK_RB_1-370x246.jpg 370w\" sizes=\"(max-width: 900px) 100vw, 900px\" \/><\/figure>\n\n\n\n<figure class=\"wp-block-image size-large\"><img decoding=\"async\" width=\"900\" height=\"598\" data-id=\"968\" src=\"https:\/\/rckrb.hr\/new2\/wp-content\/uploads\/2023\/11\/RCK_RB.jpg\" alt=\"\" class=\"wp-image-968\" srcset=\"https:\/\/rckrb.hr\/new2\/wp-content\/uploads\/2023\/11\/RCK_RB.jpg 900w, https:\/\/rckrb.hr\/new2\/wp-content\/uploads\/2023\/11\/RCK_RB-300x199.jpg 300w, https:\/\/rckrb.hr\/new2\/wp-content\/uploads\/2023\/11\/RCK_RB-768x510.jpg 768w, https:\/\/rckrb.hr\/new2\/wp-content\/uploads\/2023\/11\/RCK_RB-370x246.jpg 370w\" sizes=\"(max-width: 900px) 100vw, 900px\" \/><\/figure>\n\n\n\n<figure class=\"wp-block-image size-large\"><img decoding=\"async\" width=\"900\" height=\"598\" data-id=\"969\" src=\"https:\/\/rckrb.hr\/new2\/wp-content\/uploads\/2023\/11\/RCK_RB_3.jpg\" alt=\"\" class=\"wp-image-969\" srcset=\"https:\/\/rckrb.hr\/new2\/wp-content\/uploads\/2023\/11\/RCK_RB_3.jpg 900w, https:\/\/rckrb.hr\/new2\/wp-content\/uploads\/2023\/11\/RCK_RB_3-300x199.jpg 300w, https:\/\/rckrb.hr\/new2\/wp-content\/uploads\/2023\/11\/RCK_RB_3-768x510.jpg 768w, https:\/\/rckrb.hr\/new2\/wp-content\/uploads\/2023\/11\/RCK_RB_3-370x246.jpg 370w\" sizes=\"(max-width: 900px) 100vw, 900px\" \/><\/figure>\n<\/figure>\n","protected":false},"excerpt":{"rendered":"<p>Specijalizirani sajam RCK Ru\u0111era Bo\u0161kovi\u0107a i \u0160kolski dan odr\u017eat \u0107e se u&nbsp;prostoru Zagreba\u010dkog Velesajma, gdje \u0107e biti 30 izlaga\u010da, \u0161kola partnera i institucija. Sajam otvara svoja vrata u \u010detvrtak&nbsp;30. studenoga 2023. i trajat \u0107e od 10.00 do 18.00 sati. Cilj je \u0160kolskog dana popularizacija strukovnih zanimanja, povezivanje poslodavaca, partnera, polaznika, budu\u0107ih polaznika i svih zainteresiranih [&hellip;]<\/p>\n","protected":false},"author":3,"featured_media":970,"comment_status":"closed","ping_status":"closed","sticky":false,"template":"","format":"standard","meta":{"footnotes":""},"categories":[10,9],"tags":[],"class_list":["post-966","post","type-post","status-publish","format-standard","has-post-thumbnail","hentry","category-dogadaji","category-vijesti","has-thumb"],"_links":{"self":[{"href":"https:\/\/rckrb.hr\/new2\/wp-json\/wp\/v2\/posts\/966","targetHints":{"allow":["GET"]}}],"collection":[{"href":"https:\/\/rckrb.hr\/new2\/wp-json\/wp\/v2\/posts"}],"about":[{"href":"https:\/\/rckrb.hr\/new2\/wp-json\/wp\/v2\/types\/post"}],"author":[{"embeddable":true,"href":"https:\/\/rckrb.hr\/new2\/wp-json\/wp\/v2\/users\/3"}],"replies":[{"embeddable":true,"href":"https:\/\/rckrb.hr\/new2\/wp-json\/wp\/v2\/comments?post=966"}],"version-history":[{"count":2,"href":"https:\/\/rckrb.hr\/new2\/wp-json\/wp\/v2\/posts\/966\/revisions"}],"predecessor-version":[{"id":972,"href":"https:\/\/rckrb.hr\/new2\/wp-json\/wp\/v2\/posts\/966\/revisions\/972"}],"wp:featuredmedia":[{"embeddable":true,"href":"https:\/\/rckrb.hr\/new2\/wp-json\/wp\/v2\/media\/970"}],"wp:attachment":[{"href":"https:\/\/rckrb.hr\/new2\/wp-json\/wp\/v2\/media?parent=966"}],"wp:term":[{"taxonomy":"category","embeddable":true,"href":"https:\/\/rckrb.hr\/new2\/wp-json\/wp\/v2\/categories?post=966"},{"taxonomy":"post_tag","embeddable":true,"href":"https:\/\/rckrb.hr\/new2\/wp-json\/wp\/v2\/tags?post=966"}],"curies":[{"name":"wp","href":"https:\/\/api.w.org\/{rel}","templated":true}]}}