{"id":978,"date":"2023-12-01T12:35:24","date_gmt":"2023-12-01T12:35:24","guid":{"rendered":"https:\/\/rckrb.hr\/new2\/?p=978"},"modified":"2024-03-18T12:32:54","modified_gmt":"2024-03-18T12:32:54","slug":"odrzan-specijalizirani-sajam-rck-rudera-boskovica-na-temu-buducnost-strukovnih-zanimanja","status":"publish","type":"post","link":"https:\/\/rckrb.hr\/new2\/odrzan-specijalizirani-sajam-rck-rudera-boskovica-na-temu-buducnost-strukovnih-zanimanja\/","title":{"rendered":"Odr\u017ean Specijalizirani sajam RCK Ru\u0111era Bo\u0161kovi\u0107a na temu \u201cBudu\u0107nost strukovnih zanimanja\u201d"},"content":{"rendered":"\n<p>RCK Ru\u0111era Bo\u0161kovi\u0107a organizirao je u \u010detvrtak 30. studenoga 2023. godine\u00a0<strong>Specijalizirani sajam RCK<\/strong><strong>\u00a0\u2013 promocija strukovnih zanimanja na Zagreba\u010dkom Velesajmu.<\/strong><\/p>\n\n\n\n<p>Na specijaliziranom sajmu predstavili su se partneri i suradnici u projektu. Osnovna poruka bila je popularizacija strukovnih zanimanja, povezivanje poslodavaca, partnera, polaznika, budu\u0107ih polaznika i svih zainteresiranih te njihova interakcija. Tijekom sajma odr\u017eana je i konferencija pod nazivom \u201c<strong>Budu\u0107nost strukovnih zanimanja\u201d.<\/strong><\/p>\n\n\n\n<p>Formula za uspjeh je u\u010denicima ponuditi strukovni kurikulum koji \u0107e pratiti potrebe modernog tr\u017ei\u0161ta i omogu\u0107iti praksu kod najboljih poslodavaca.<\/p>\n\n\n\n<p>Obrazovanje treba prilagoditi potrebama svijeta rada kako bi u\u010denici nakon zavr\u0161etka \u0161kolovanja bili konkurentni, nagla\u0161avaju u ovoj \u0161koli te dodaju da u\u010denicima istovremeno treba ponuditi mogu\u0107nost davanja doprinosa u stvaranju odr\u017eive budu\u0107nosti.<\/p>\n\n\n\n<p>Koncept RCK Ru\u0111era Bo\u0161kovi\u0107a bit \u0107e prvi ogledni primjer povezivanja strukovnog obrazovanja s industrijskim okru\u017eenjem u cijeloj Hrvatskoj, ali i u ovom dijelu Europe i \u0161ire.<br>Dugoro\u010dno \u0107e prenositi nove ideje u industriju te aktivno sudjelovati u implementaciji \u201eIndustrije 4.0\u201c u proizvodnim tvrtkama, pametnog nadzora i upravljanju energijom te uporabe obnovljivih izvora energije.<\/p>\n\n\n\n<p>Projektom kojeg \u0161kola provodi bit \u0107e uspostavljen Regionalni centar kompetentnosti u obrazovnom sektoru Elektrotehnika i ra\u010dunalstvo. Sastoji se od \u0161est osnovnih elementa te niza podaktivnosti, a u njega je uklju\u010deno 10 partnerskih organizacija.<\/p>\n\n\n\n<p>Projekt je sufinancirala Europska unija iz Europskog socijalnog fonda.<\/p>\n\n\n\n<p>Ukupna vrijednost projekta: 6.570.933,42 eura (100% sufinancira EU). Razdoblje provedbe projekta: od 29. o\u017eujka 2020. do 29. prosinca 2023. godine.<\/p>\n\n\n\n<figure class=\"wp-block-gallery has-nested-images columns-default is-cropped wp-block-gallery-1 is-layout-flex wp-block-gallery-is-layout-flex\">\n<figure class=\"wp-block-image size-large\"><img fetchpriority=\"high\" decoding=\"async\" width=\"933\" height=\"420\" data-id=\"980\" src=\"https:\/\/rckrb.hr\/new2\/wp-content\/uploads\/2023\/12\/3011-RCK-RB-sajam-933x420-1.jpg\" alt=\"\" class=\"wp-image-980\" srcset=\"https:\/\/rckrb.hr\/new2\/wp-content\/uploads\/2023\/12\/3011-RCK-RB-sajam-933x420-1.jpg 933w, https:\/\/rckrb.hr\/new2\/wp-content\/uploads\/2023\/12\/3011-RCK-RB-sajam-933x420-1-300x135.jpg 300w, https:\/\/rckrb.hr\/new2\/wp-content\/uploads\/2023\/12\/3011-RCK-RB-sajam-933x420-1-768x346.jpg 768w, https:\/\/rckrb.hr\/new2\/wp-content\/uploads\/2023\/12\/3011-RCK-RB-sajam-933x420-1-370x167.jpg 370w\" sizes=\"(max-width: 933px) 100vw, 933px\" \/><\/figure>\n\n\n\n<figure class=\"wp-block-image size-large\"><img decoding=\"async\" width=\"933\" height=\"420\" data-id=\"979\" src=\"https:\/\/rckrb.hr\/new2\/wp-content\/uploads\/2023\/12\/3011-RCK-RB-sajam-1-933x420-1.jpg\" alt=\"\" class=\"wp-image-979\" srcset=\"https:\/\/rckrb.hr\/new2\/wp-content\/uploads\/2023\/12\/3011-RCK-RB-sajam-1-933x420-1.jpg 933w, https:\/\/rckrb.hr\/new2\/wp-content\/uploads\/2023\/12\/3011-RCK-RB-sajam-1-933x420-1-300x135.jpg 300w, https:\/\/rckrb.hr\/new2\/wp-content\/uploads\/2023\/12\/3011-RCK-RB-sajam-1-933x420-1-768x346.jpg 768w, https:\/\/rckrb.hr\/new2\/wp-content\/uploads\/2023\/12\/3011-RCK-RB-sajam-1-933x420-1-370x167.jpg 370w\" sizes=\"(max-width: 933px) 100vw, 933px\" \/><\/figure>\n\n\n\n<figure class=\"wp-block-image size-large\"><img decoding=\"async\" width=\"933\" height=\"420\" data-id=\"981\" src=\"https:\/\/rckrb.hr\/new2\/wp-content\/uploads\/2023\/12\/3011-RCK-RB-sajam-5-933x420-1.jpg\" alt=\"\" class=\"wp-image-981\" srcset=\"https:\/\/rckrb.hr\/new2\/wp-content\/uploads\/2023\/12\/3011-RCK-RB-sajam-5-933x420-1.jpg 933w, https:\/\/rckrb.hr\/new2\/wp-content\/uploads\/2023\/12\/3011-RCK-RB-sajam-5-933x420-1-300x135.jpg 300w, https:\/\/rckrb.hr\/new2\/wp-content\/uploads\/2023\/12\/3011-RCK-RB-sajam-5-933x420-1-768x346.jpg 768w, https:\/\/rckrb.hr\/new2\/wp-content\/uploads\/2023\/12\/3011-RCK-RB-sajam-5-933x420-1-370x167.jpg 370w\" sizes=\"(max-width: 933px) 100vw, 933px\" \/><\/figure>\n<\/figure>\n","protected":false},"excerpt":{"rendered":"<p>RCK Ru\u0111era Bo\u0161kovi\u0107a organizirao je u \u010detvrtak 30. studenoga 2023. godine\u00a0Specijalizirani sajam RCK\u00a0\u2013 promocija strukovnih zanimanja na Zagreba\u010dkom Velesajmu. Na specijaliziranom sajmu predstavili su se partneri i suradnici u projektu. Osnovna poruka bila je popularizacija strukovnih zanimanja, povezivanje poslodavaca, partnera, polaznika, budu\u0107ih polaznika i svih zainteresiranih te njihova interakcija. Tijekom sajma odr\u017eana je i konferencija [&hellip;]<\/p>\n","protected":false},"author":3,"featured_media":982,"comment_status":"closed","ping_status":"closed","sticky":false,"template":"","format":"standard","meta":{"footnotes":""},"categories":[10,9],"tags":[],"class_list":["post-978","post","type-post","status-publish","format-standard","has-post-thumbnail","hentry","category-dogadaji","category-vijesti","has-thumb"],"_links":{"self":[{"href":"https:\/\/rckrb.hr\/new2\/wp-json\/wp\/v2\/posts\/978","targetHints":{"allow":["GET"]}}],"collection":[{"href":"https:\/\/rckrb.hr\/new2\/wp-json\/wp\/v2\/posts"}],"about":[{"href":"https:\/\/rckrb.hr\/new2\/wp-json\/wp\/v2\/types\/post"}],"author":[{"embeddable":true,"href":"https:\/\/rckrb.hr\/new2\/wp-json\/wp\/v2\/users\/3"}],"replies":[{"embeddable":true,"href":"https:\/\/rckrb.hr\/new2\/wp-json\/wp\/v2\/comments?post=978"}],"version-history":[{"count":1,"href":"https:\/\/rckrb.hr\/new2\/wp-json\/wp\/v2\/posts\/978\/revisions"}],"predecessor-version":[{"id":983,"href":"https:\/\/rckrb.hr\/new2\/wp-json\/wp\/v2\/posts\/978\/revisions\/983"}],"wp:featuredmedia":[{"embeddable":true,"href":"https:\/\/rckrb.hr\/new2\/wp-json\/wp\/v2\/media\/982"}],"wp:attachment":[{"href":"https:\/\/rckrb.hr\/new2\/wp-json\/wp\/v2\/media?parent=978"}],"wp:term":[{"taxonomy":"category","embeddable":true,"href":"https:\/\/rckrb.hr\/new2\/wp-json\/wp\/v2\/categories?post=978"},{"taxonomy":"post_tag","embeddable":true,"href":"https:\/\/rckrb.hr\/new2\/wp-json\/wp\/v2\/tags?post=978"}],"curies":[{"name":"wp","href":"https:\/\/api.w.org\/{rel}","templated":true}]}}